{"id":1000013204,"date":"2025-03-04T14:54:26","date_gmt":"2025-03-04T17:54:26","guid":{"rendered":"https:\/\/gazzettinoitalianopatagonico.com\/?p=1000013204"},"modified":"2025-03-04T14:54:28","modified_gmt":"2025-03-04T17:54:28","slug":"trump-insiste-zelensky-non-vuole-la-pace-poi-attacca-leuropa","status":"publish","type":"post","link":"https:\/\/gazzettinoitalianopatagonico.com\/?p=1000013204","title":{"rendered":"Trump insiste: \u00abZelensky non vuole la pace\u00bb, poi attacca l&#8217;Europa"},"content":{"rendered":"\n<p>Dopo lo scontro alla Casa Bianca tra Trump e Zelensky, si accentua la spaccatura tra il presidente americano e quello ucraino. Il tycoon sul suo social Truth ha espresso forte indignazione per le parole di Zelensky che ha affermato che la fine della guerra potrebbe essere ancora \u00abmolto molto lontana\u00bb. \u00abQuesto ragazzo non vuole che ci sia pace finch\u00e9 ha il sostegno dell&#8217;America e, l&#8217;Europa\u00bb, ha detto Trump annunciando che non \u00abtollereremo a lungo la sua idea di cessate il fuoco\u00bb. Il presidente degli Stati Uniti ha specificato inoltre, che \u00abl&#8217;Europa, nell&#8217;incontro avuto con Zelensky, ha dichiarato senza mezzi termini che non si pu\u00f2 lavorare senza gli Stati Uniti\u00bb. Poi Trump ha puntato il dito contro l&#8217;Europa accusandola di \u00abaver speso pi\u00f9 soldi per acquistare petrolio e gas russi di quanti ne ha spesi per difendere l&#8217;Ucraina, di gran lunga!\u00bb. \u00abPer costringere la Russia a fermare i suoi attacchi, abbiamo bisogno di una maggiore forza collettiva dal mondo\u00bb, ha spiegato oggi Zelensky tramite un video che mostra i danni subiti dagli attacchi russi in Ucraina negli ultimi giorni. \u00abRafforzare la nostra difesa aerea, supportare il nostro esercito e garantire garanzie di sicurezza efficaci che renderanno impossibile il ritorno dell&#8217;aggressione russa: questo \u00e8 ci\u00f2 su cui dobbiamo concentrarci. La giustizia deve prevalere. Crediamo nel potere dell&#8217;unit\u00e0 e certamente ripristineremo una pace duratura\u00bb.<\/p>\n\n\n\n<p>Filippo Ravizza<\/p>\n","protected":false},"excerpt":{"rendered":"<p>Dopo lo scontro alla Casa Bianca tra Trump e Zelensky, si accentua la spaccatura tra il presidente americano e quello ucraino. Il tycoon sul suo social Truth ha espresso forte indignazione per le parole di Zelensky che ha affermato che la fine della guerra potrebbe essere ancora \u00abmolto molto lontana\u00bb. \u00abQuesto ragazzo non vuole che [&hellip;]<\/p>\n","protected":false},"author":1,"featured_media":1000013205,"comment_status":"closed","ping_status":"closed","sticky":false,"template":"","format":"standard","meta":{"content-type":"","_jetpack_memberships_contains_paid_content":false,"jnews-multi-image_gallery":[],"jnews_single_post":{"format":"standard"},"jnews_primary_category":[],"footnotes":"","jetpack_publicize_message":"","jetpack_publicize_feature_enabled":true,"jetpack_social_post_already_shared":true,"jetpack_social_options":{"image_generator_settings":{"template":"highway","default_image_id":0,"font":"","enabled":false},"version":2}},"categories":[46,32],"tags":[],"class_list":{"0":"post-1000013204","1":"post","2":"type-post","3":"status-publish","4":"format-standard","5":"has-post-thumbnail","7":"category-italia","8":"category-politica"},"jetpack_publicize_connections":[],"jetpack_featured_media_url":"https:\/\/i0.wp.com\/gazzettinoitalianopatagonico.com\/wp-content\/uploads\/2025\/03\/meloni-1-1024x680-2.jpg?fit=1024%2C680&ssl=1","jetpack_likes_enabled":true,"jetpack_sharing_enabled":true,"_links":{"self":[{"href":"https:\/\/gazzettinoitalianopatagonico.com\/index.php?rest_route=\/wp\/v2\/posts\/1000013204","targetHints":{"allow":["GET"]}}],"collection":[{"href":"https:\/\/gazzettinoitalianopatagonico.com\/index.php?rest_route=\/wp\/v2\/posts"}],"about":[{"href":"https:\/\/gazzettinoitalianopatagonico.com\/index.php?rest_route=\/wp\/v2\/types\/post"}],"author":[{"embeddable":true,"href":"https:\/\/gazzettinoitalianopatagonico.com\/index.php?rest_route=\/wp\/v2\/users\/1"}],"replies":[{"embeddable":true,"href":"https:\/\/gazzettinoitalianopatagonico.com\/index.php?rest_route=%2Fwp%2Fv2%2Fcomments&post=1000013204"}],"version-history":[{"count":1,"href":"https:\/\/gazzettinoitalianopatagonico.com\/index.php?rest_route=\/wp\/v2\/posts\/1000013204\/revisions"}],"predecessor-version":[{"id":1000013206,"href":"https:\/\/gazzettinoitalianopatagonico.com\/index.php?rest_route=\/wp\/v2\/posts\/1000013204\/revisions\/1000013206"}],"wp:featuredmedia":[{"embeddable":true,"href":"https:\/\/gazzettinoitalianopatagonico.com\/index.php?rest_route=\/wp\/v2\/media\/1000013205"}],"wp:attachment":[{"href":"https:\/\/gazzettinoitalianopatagonico.com\/index.php?rest_route=%2Fwp%2Fv2%2Fmedia&parent=1000013204"}],"wp:term":[{"taxonomy":"category","embeddable":true,"href":"https:\/\/gazzettinoitalianopatagonico.com\/index.php?rest_route=%2Fwp%2Fv2%2Fcategories&post=1000013204"},{"taxonomy":"post_tag","embeddable":true,"href":"https:\/\/gazzettinoitalianopatagonico.com\/index.php?rest_route=%2Fwp%2Fv2%2Ftags&post=1000013204"}],"curies":[{"name":"wp","href":"https:\/\/api.w.org\/{rel}","templated":true}]}}