{"id":1000013201,"date":"2025-03-04T13:39:25","date_gmt":"2025-03-04T16:39:25","guid":{"rendered":"https:\/\/gazzettinoitalianopatagonico.com\/?p=1000013201"},"modified":"2025-03-04T13:39:27","modified_gmt":"2025-03-04T16:39:27","slug":"meloni-restare-lucidi-e-mantenere-la-calma-evitare-la-frattura-in-occidente","status":"publish","type":"post","link":"https:\/\/gazzettinoitalianopatagonico.com\/?p=1000013201","title":{"rendered":"Meloni: \u00abRestare lucidi e mantenere la calma, evitare la frattura in Occidente\u00bb"},"content":{"rendered":"\n<p>\u00abSicuramente il momento non \u00e8 facile, che non \u00e8 immagino facile, anzi non \u00e8 facile per nessuno, non \u00e8 certamente facile per me, quando bene o male ti trovi a prendere delle decisioni che inevitabilmente incideranno sul futuro della tua nazione, dell&#8217;Europa, del quadro geopolitico nel suo complesso. Certo non \u00e8 che sono decisioni che si prendono con leggerezza e questa \u00e8 anche la ragione per la quale sono convinta che questo sia un momento nel quale prima di fare una scelta bisogna ponderarla, nel quale bisogna mantenere la calma, nel quale bisogna cercare di ragionare nel modo pi\u00f9 lucido possibile guardando sempre all&#8217;obiettivo e alla priorit\u00e0\u00bb. Lo dice la premier Giorgia Meloni intervistata nel corso della trasmissione XXI Secolo questa sera su Rai1. \u00abPer me- aggiunge- la priorit\u00e0 \u00e8 sempre difendere l&#8217;interesse nazionale italiano e credo che sia nell&#8217;interesse nazionale italiano evitare qualsiasi possibile frattura all&#8217;interno dell&#8217;Occidente, perch\u00e9 una divisione, una frattura, divisioni in generale ci renderebbero solamente tutti quanti pi\u00f9 deboli\u00bb.<\/p>\n\n\n\n<p>\u00abLa linea mia \u00e8 che sto con l&#8217;Italia in Europa per l&#8217;Occidente e le letture infantili le lascio ad altri perch\u00e9 in questo momento non ce le possiamo permettere\u00bb, ha spiegato Meloni. \u00ab\u00c8 quello che ripeto sto costruendo- aggiunge-, \u00e8 quello su cui sto lavorando, dopodich\u00e9 se vogliamo parlare di cose serie allora io vorrei chiedere all&#8217;opposizione se quando dicono che l&#8217;Italia deve stare senza se e senza ma dalla parte dell&#8217;Europa, perch\u00e9 poi al di l\u00e0 degli slogan ci sono le scelte, no? L&#8217;Italia deve stare senza se e senza ma dalla parte dell&#8217;Europa come se gli Stati Uniti non fossero i nostri alleati. Per\u00f2 vorrei sapere se questo significa anche che dovremmo mandare i soldati italiani in Ucraina come fa la Francia, come insomma ragiona di fare la Francia piuttosto che magari altri colleghi, perch\u00e9 ripeto gli slogan sono bellissimi, dopodich\u00e9 per\u00f2 agli slogan seguono delle scelte e io sarei contenta di avere un&#8217;idea pi\u00f9 chiara di cosa, anche perch\u00e9 ho rispetto ovviamente della posizione delle opposizioni, tra l&#8217;altro ripeto queste sono materie sulle quali pi\u00f9 si cerca di essere d&#8217;accordo sul da farsi e meglio \u00e8 e quindi un elemento di chiarezza forse da questo punto di vista ci pu\u00f2 aiutare\u00bb.<\/p>\n\n\n\n<p>\u00abLa categoria dell&#8217;amico e del nemico in politica estera \u00e8 una categoria particolare, nel senso che io sono anche io amica di un sacco di gente, di moltissimi leader, dopodich\u00e9 difendo l&#8217;interesse italiano, mica difendo l&#8217;interesse loro e questo fanno pi\u00f9 o meno tutti, per cui tutti quanti difendono i loro interessi. Sui dazi il nostro interesse \u00e8 completamente opposto diciamo a quello che sta dichiarando Donald Trump. Poi vedremo che cosa accadr\u00e0 nei fatti, anche se io sono convinta che quello che pu\u00f2 produrre l&#8217;avvio di dazi con una risposta europea, cio\u00e8 una guerra commerciale, non convenga in realt\u00e0 a nessuno, non convenga neanche agli Stati Uniti\u00bb. Per\u00f2, aggiunge, \u00absu questo ci possono essere punti di vista differenti, gli Stati Uniti pongono da molto tempo e non hanno cominciato con Donald Trump la questione di un surplus commerciale, quindi un disavanzo commerciale ma io credo che si possa risolvere in modo positivo, che si possa risolvere con degli accordi piuttosto che avviando un&#8217;escalation ed \u00e8 uno dei temi ovviamente che affronter\u00f2, in parte ho gi\u00e0 affrontato, col Presidente degli Stati Uniti. Che penso l&#8217;Europa affronter\u00e0 e sta affrontando col Presidente degli Stati Uniti per capire come questa questione del disavanzo commerciale si possa risolvere in maniera positiva\u00bb.<\/p>\n\n\n\n<p>Vittorio Di Mambro<\/p>\n","protected":false},"excerpt":{"rendered":"<p>\u00abSicuramente il momento non \u00e8 facile, che non \u00e8 immagino facile, anzi non \u00e8 facile per nessuno, non \u00e8 certamente facile per me, quando bene o male ti trovi a prendere delle decisioni che inevitabilmente incideranno sul futuro della tua nazione, dell&#8217;Europa, del quadro geopolitico nel suo complesso. Certo non \u00e8 che sono decisioni che [&hellip;]<\/p>\n","protected":false},"author":1,"featured_media":1000013202,"comment_status":"closed","ping_status":"closed","sticky":false,"template":"","format":"standard","meta":{"content-type":"","_jetpack_memberships_contains_paid_content":false,"jnews-multi-image_gallery":[],"jnews_single_post":{"format":"standard"},"jnews_primary_category":[],"footnotes":"","jetpack_publicize_message":"","jetpack_publicize_feature_enabled":true,"jetpack_social_post_already_shared":true,"jetpack_social_options":{"image_generator_settings":{"template":"highway","default_image_id":0,"font":"","enabled":false},"version":2}},"categories":[46,32],"tags":[],"class_list":{"0":"post-1000013201","1":"post","2":"type-post","3":"status-publish","4":"format-standard","5":"has-post-thumbnail","7":"category-italia","8":"category-politica"},"jetpack_publicize_connections":[],"jetpack_featured_media_url":"https:\/\/i0.wp.com\/gazzettinoitalianopatagonico.com\/wp-content\/uploads\/2025\/03\/meloni-1-1024x680-1.jpg?fit=1024%2C680&ssl=1","jetpack_likes_enabled":true,"jetpack_sharing_enabled":true,"_links":{"self":[{"href":"https:\/\/gazzettinoitalianopatagonico.com\/index.php?rest_route=\/wp\/v2\/posts\/1000013201","targetHints":{"allow":["GET"]}}],"collection":[{"href":"https:\/\/gazzettinoitalianopatagonico.com\/index.php?rest_route=\/wp\/v2\/posts"}],"about":[{"href":"https:\/\/gazzettinoitalianopatagonico.com\/index.php?rest_route=\/wp\/v2\/types\/post"}],"author":[{"embeddable":true,"href":"https:\/\/gazzettinoitalianopatagonico.com\/index.php?rest_route=\/wp\/v2\/users\/1"}],"replies":[{"embeddable":true,"href":"https:\/\/gazzettinoitalianopatagonico.com\/index.php?rest_route=%2Fwp%2Fv2%2Fcomments&post=1000013201"}],"version-history":[{"count":1,"href":"https:\/\/gazzettinoitalianopatagonico.com\/index.php?rest_route=\/wp\/v2\/posts\/1000013201\/revisions"}],"predecessor-version":[{"id":1000013203,"href":"https:\/\/gazzettinoitalianopatagonico.com\/index.php?rest_route=\/wp\/v2\/posts\/1000013201\/revisions\/1000013203"}],"wp:featuredmedia":[{"embeddable":true,"href":"https:\/\/gazzettinoitalianopatagonico.com\/index.php?rest_route=\/wp\/v2\/media\/1000013202"}],"wp:attachment":[{"href":"https:\/\/gazzettinoitalianopatagonico.com\/index.php?rest_route=%2Fwp%2Fv2%2Fmedia&parent=1000013201"}],"wp:term":[{"taxonomy":"category","embeddable":true,"href":"https:\/\/gazzettinoitalianopatagonico.com\/index.php?rest_route=%2Fwp%2Fv2%2Fcategories&post=1000013201"},{"taxonomy":"post_tag","embeddable":true,"href":"https:\/\/gazzettinoitalianopatagonico.com\/index.php?rest_route=%2Fwp%2Fv2%2Ftags&post=1000013201"}],"curies":[{"name":"wp","href":"https:\/\/api.w.org\/{rel}","templated":true}]}}