{"id":1000012352,"date":"2025-02-17T16:07:15","date_gmt":"2025-02-17T19:07:15","guid":{"rendered":"https:\/\/gazzettinoitalianopatagonico.com\/?p=1000012352"},"modified":"2025-02-17T16:07:16","modified_gmt":"2025-02-17T19:07:16","slug":"mediadores-en-oriente-medio-trabajan-en-la-segunda-fase-del-acuerdo","status":"publish","type":"post","link":"https:\/\/gazzettinoitalianopatagonico.com\/?p=1000012352","title":{"rendered":"Mediadores en Oriente Medio: trabajan en la segunda fase del acuerdo"},"content":{"rendered":"\n<p>Se espera que pronto comience la segunda fase de aplicaci\u00f3n del acuerdo de tregua alcanzado entre Israel y Ham\u00e1s en Gaza: seg\u00fan el enviado estadounidense para Oriente Medio, Steve Witkoff, ya ha habido conversaciones \u00abproductivas\u00bb y las conversaciones con los mediadores continuar\u00e1n esta semana, mientras que Egipto y Qatar ya se han reunido con Ham\u00e1s, que acusa a Israel de \u00abperder el tiempo\u00bb. Hoy, el primer ministro israel\u00ed, Netanyahu, anunci\u00f3 que convocar\u00e1 al gabinete pol\u00edtico y de seguridad para discutir la segunda fase y la liberaci\u00f3n de los \u00faltimos rehenes, sin lo cual, reiter\u00f3, \u00abse desatar\u00e1 el infierno\u00bb en Gaza. Una postura expresada por el primer ministro israel\u00ed al enviado de Estado norteamericano, Marco Rubio, a quien reiter\u00f3 que el presidente Trump \u00abes el mayor amigo que Israel ha tenido jam\u00e1s en la Casa Blanca\u00bb. Tal armon\u00eda que ambos coinciden no s\u00f3lo en el plan para el futuro de la Franja, incluida la erradicaci\u00f3n total de Ham\u00e1s del territorio, sino tambi\u00e9n en el hecho de que Ir\u00e1n es la \u00abprincipal fuente de inestabilidad\u00bb en la zona. Rubio y Netanyahu tambi\u00e9n discutieron el inicio de la segunda fase de la tregua y despu\u00e9s de la reuni\u00f3n el primer ministro israel\u00ed decidi\u00f3 enviar un equipo de negociadores a El Cairo. Mientras tanto, Israel ha llevado a cabo varias incursiones selectivas en la Franja de Gaza, cerca de Rafah, donde, seg\u00fan se informa, tres polic\u00edas palestinos fueron asesinados, y una en el L\u00edbano, en el valle de Bekaa, donde presuntamente tuvo como objetivo instalaciones de Hezbol\u00e1. Ambas acciones han sido acusadas de violar los acuerdos de alto el fuego.<\/p>\n\n\n\n<p>&nbsp;&nbsp;Roberta Barbi<\/p>\n","protected":false},"excerpt":{"rendered":"<p>Se espera que pronto comience la segunda fase de aplicaci\u00f3n del acuerdo de tregua alcanzado entre Israel y Ham\u00e1s en Gaza: seg\u00fan el enviado estadounidense para Oriente Medio, Steve Witkoff, ya ha habido conversaciones \u00abproductivas\u00bb y las conversaciones con los mediadores continuar\u00e1n esta semana, mientras que Egipto y Qatar ya se han reunido con Ham\u00e1s, [&hellip;]<\/p>\n","protected":false},"author":1,"featured_media":1000012353,"comment_status":"closed","ping_status":"closed","sticky":false,"template":"","format":"standard","meta":{"content-type":"","_jetpack_memberships_contains_paid_content":false,"jnews-multi-image_gallery":[],"jnews_single_post":{"format":"standard"},"jnews_primary_category":[],"footnotes":"","jetpack_publicize_message":"","jetpack_publicize_feature_enabled":true,"jetpack_social_post_already_shared":true,"jetpack_social_options":{"image_generator_settings":{"template":"highway","default_image_id":0,"font":"","enabled":false},"version":2}},"categories":[32],"tags":[],"class_list":{"0":"post-1000012352","1":"post","2":"type-post","3":"status-publish","4":"format-standard","5":"has-post-thumbnail","7":"category-politica"},"jetpack_publicize_connections":[],"jetpack_featured_media_url":"https:\/\/i0.wp.com\/gazzettinoitalianopatagonico.com\/wp-content\/uploads\/2025\/02\/cq5dam.thumbnail.cropped.750.422-13.jpeg?fit=750%2C422&ssl=1","jetpack_likes_enabled":true,"jetpack_sharing_enabled":true,"_links":{"self":[{"href":"https:\/\/gazzettinoitalianopatagonico.com\/index.php?rest_route=\/wp\/v2\/posts\/1000012352","targetHints":{"allow":["GET"]}}],"collection":[{"href":"https:\/\/gazzettinoitalianopatagonico.com\/index.php?rest_route=\/wp\/v2\/posts"}],"about":[{"href":"https:\/\/gazzettinoitalianopatagonico.com\/index.php?rest_route=\/wp\/v2\/types\/post"}],"author":[{"embeddable":true,"href":"https:\/\/gazzettinoitalianopatagonico.com\/index.php?rest_route=\/wp\/v2\/users\/1"}],"replies":[{"embeddable":true,"href":"https:\/\/gazzettinoitalianopatagonico.com\/index.php?rest_route=%2Fwp%2Fv2%2Fcomments&post=1000012352"}],"version-history":[{"count":1,"href":"https:\/\/gazzettinoitalianopatagonico.com\/index.php?rest_route=\/wp\/v2\/posts\/1000012352\/revisions"}],"predecessor-version":[{"id":1000012354,"href":"https:\/\/gazzettinoitalianopatagonico.com\/index.php?rest_route=\/wp\/v2\/posts\/1000012352\/revisions\/1000012354"}],"wp:featuredmedia":[{"embeddable":true,"href":"https:\/\/gazzettinoitalianopatagonico.com\/index.php?rest_route=\/wp\/v2\/media\/1000012353"}],"wp:attachment":[{"href":"https:\/\/gazzettinoitalianopatagonico.com\/index.php?rest_route=%2Fwp%2Fv2%2Fmedia&parent=1000012352"}],"wp:term":[{"taxonomy":"category","embeddable":true,"href":"https:\/\/gazzettinoitalianopatagonico.com\/index.php?rest_route=%2Fwp%2Fv2%2Fcategories&post=1000012352"},{"taxonomy":"post_tag","embeddable":true,"href":"https:\/\/gazzettinoitalianopatagonico.com\/index.php?rest_route=%2Fwp%2Fv2%2Ftags&post=1000012352"}],"curies":[{"name":"wp","href":"https:\/\/api.w.org\/{rel}","templated":true}]}}