{"id":1000012345,"date":"2025-02-17T16:03:53","date_gmt":"2025-02-17T19:03:53","guid":{"rendered":"https:\/\/gazzettinoitalianopatagonico.com\/?p=1000012345"},"modified":"2025-02-17T16:03:54","modified_gmt":"2025-02-17T19:03:54","slug":"montagna-si-melanoma-no-troppi-in-vetta-senza-difese-contro-il-sole","status":"publish","type":"post","link":"https:\/\/gazzettinoitalianopatagonico.com\/?p=1000012345","title":{"rendered":"\u00abMontagna s\u00ec, melanoma no\u00bb: troppi in vetta senza difese contro il sole"},"content":{"rendered":"\n<p>Un terzo degli escursionisti e un quarto degli sciatori affrontano la montagna senza alcuna protezione solare per la pelle. Tra i giovani sciatori si arriva all&#8217;80%. E troppo sole pu\u00f2 provocare melanomi, un tipo di tumore della pelle che peraltro \u00e8 in crescita. E allora \u00e8 in montagna, dove peraltro l&#8217;incidenza dei melanomi \u00e8 pi\u00f9 alta, che si prova a mettere tutti pi\u00f9 in guardia. E a farlo sfruttando la &#8216;vetrina&#8217; delle Olimpiadi invernali di Milano Cortina in arrivo tra un anno. Proprio Cortina d&#8217;Ampezzo, la &#8216;Regina delle Dolomiti&#8217; che ospiter\u00e0 alcune delle gare dei Giochi, \u00e8 stata infatti scelta nei giorni scorsi per lanciare la campagna di prevenzione del melanoma in montagna. \u00abMontagna s\u00ec, melanoma No: Cortina rappresenta una vetrina mondiale, il luogo ideale per ribadirlo. Tra un anno si apriranno le Olimpiadi e le Paralimpiadi invernali: sono l&#8217;occasione per raggiungere con questo messaggio milioni di appassionati, ricordando che il melanoma \u00e8 una patologia in crescita e che l&#8217;esposizione ai raggi solari rappresenta un rischio anche in montagna\u00bb, ha detto l&#8217;assessore alla Sanit\u00e0 del Veneto, Manuela Lanzarin. I melanomi sono in aumento: \u00e8 stato calcolato che il 2024 pu\u00f2 diventare l\u00bbanno nero&#8217; per il numero di diagnosi. Le stime dicono 17.000, circa 4.300 in pi\u00f9 rispetto ai 12.700 registrati nel 2023 (+30%). E se in montagna l&#8217;aria &#8216;fa bene&#8217;, l&#8217;elevata intensit\u00e0 delle radiazioni Uv e l&#8217;effetto amplificante del riflesso sulla neve, che pu\u00f2 aumentare la quantit\u00e0 di raggi ultravioletti fino all&#8217;80%, pu\u00f2 far male alla pelle. Eppure, a quanto pare, i pericoli associati all&#8217;esposizione solare in alta quota vengono spesso sottovalutati, anche da coloro che vivono o frequentano abitualmente questi ambienti. in Veneto \u00e8 cos\u00ec, ad esempio: nell&#8217;area dell&#8217;Azienda sanitaria Ulss 1 Dolomiti, nel 1990 il tasso di incidenza standardizzato per et\u00e0 era di 6,3 su 100.000 per gli uomini e 13,8 su 100.000 per le donne. Nel 2021 \u00e8 sestuplicato a 39,5 su 100.000 per gli uomini e pi\u00f9 che raddoppiato a 33,2 su 100.000 per le donne. Il melanoma \u00e8 la prima causa di tumore nei maschi under 50 anni e la seconda causa pi\u00f9 frequente nelle femmine della stessa fascia d&#8217;et\u00e0. Nella fascia 50-69 anni \u00e8 la quarta causa di tumore pi\u00f9 frequente negli uomini e la terza nelle donne. Creme solari con un alto fattore di protezione, abbigliamento tecnico, cappelli, occhiali da sole e altri strumenti protettivi dovrebbero quindi diventare \u00abuna parte integrante della quotidianit\u00e0 per chi vive la montagna o pratica sport invernali\u00bb. <\/p>\n\n\n\n<figure class=\"wp-block-image size-full is-resized\"><img data-recalc-dims=\"1\" fetchpriority=\"high\" decoding=\"async\" width=\"1024\" height=\"576\" data-attachment-id=\"1000012347\" data-permalink=\"https:\/\/gazzettinoitalianopatagonico.com\/?attachment_id=1000012347\" data-orig-file=\"https:\/\/i0.wp.com\/gazzettinoitalianopatagonico.com\/wp-content\/uploads\/2025\/02\/20180324_163653-1024x576-1.jpg?fit=1024%2C576&amp;ssl=1\" data-orig-size=\"1024,576\" data-comments-opened=\"0\" data-image-meta=\"{&quot;aperture&quot;:&quot;0&quot;,&quot;credit&quot;:&quot;&quot;,&quot;camera&quot;:&quot;&quot;,&quot;caption&quot;:&quot;&quot;,&quot;created_timestamp&quot;:&quot;0&quot;,&quot;copyright&quot;:&quot;&quot;,&quot;focal_length&quot;:&quot;0&quot;,&quot;iso&quot;:&quot;0&quot;,&quot;shutter_speed&quot;:&quot;0&quot;,&quot;title&quot;:&quot;&quot;,&quot;orientation&quot;:&quot;0&quot;}\" data-image-title=\"20180324_163653-1024&amp;#215;576\" data-image-description=\"\" data-image-caption=\"\" data-medium-file=\"https:\/\/i0.wp.com\/gazzettinoitalianopatagonico.com\/wp-content\/uploads\/2025\/02\/20180324_163653-1024x576-1.jpg?fit=300%2C169&amp;ssl=1\" data-large-file=\"https:\/\/i0.wp.com\/gazzettinoitalianopatagonico.com\/wp-content\/uploads\/2025\/02\/20180324_163653-1024x576-1.jpg?fit=1024%2C576&amp;ssl=1\" src=\"https:\/\/i0.wp.com\/gazzettinoitalianopatagonico.com\/wp-content\/uploads\/2025\/02\/20180324_163653-1024x576-1.jpg?resize=1024%2C576&#038;ssl=1\" alt=\"\" class=\"wp-image-1000012347\" style=\"width:1170px;height:auto\" srcset=\"https:\/\/i0.wp.com\/gazzettinoitalianopatagonico.com\/wp-content\/uploads\/2025\/02\/20180324_163653-1024x576-1.jpg?w=1024&amp;ssl=1 1024w, https:\/\/i0.wp.com\/gazzettinoitalianopatagonico.com\/wp-content\/uploads\/2025\/02\/20180324_163653-1024x576-1.jpg?resize=300%2C169&amp;ssl=1 300w, https:\/\/i0.wp.com\/gazzettinoitalianopatagonico.com\/wp-content\/uploads\/2025\/02\/20180324_163653-1024x576-1.jpg?resize=768%2C432&amp;ssl=1 768w, https:\/\/i0.wp.com\/gazzettinoitalianopatagonico.com\/wp-content\/uploads\/2025\/02\/20180324_163653-1024x576-1.jpg?resize=750%2C422&amp;ssl=1 750w\" sizes=\"(max-width: 1000px) 100vw, 1000px\" \/><\/figure>\n\n\n\n<p>Le regole della prevenzione dicono che i bambini fino a un anno non devono essere esposti al sole diretto, che si deve evitare l&#8217;esposizione solare tra le 11 le 16 e che in montagna neanche all&#8217;ombra si \u00e8 del tutto al sicuro. Tutte cose che \u00e8 bene far capire presto e bene se si vuole ridurre il rischio di tumori cutanei: le scottature, specialmente da giovani, costituiscono il fattore di rischio pi\u00f9 significativo per i tumori cutanei. Ma il sole, dicono gli esperti, non \u00e8 un nemico: la luce solare \u00e8 fondamentale per processi importanti come la sintesi della vitamina D e il miglioramento dell&#8217;umore. Il problema \u00e8 se non si adottano adeguate strategie di prevenzione. Ecco allora che le Olimpiadi possono fare da &#8216;megafono&#8217; per sensibilizzare \u00absportivi ma anche appassionati e turisti e far comprendere che nel vivere gli sport e la vita all&#8217;aria aperta in montagna bastano poche attenzioni per difendere la pelle\u00bb, ha detto Lanzarin a Cortina, affiancata da alcuni esperti della sanit\u00e0 veneta. Anche chi vive in montagna per\u00f2 ha bisogno di un &#8216;ripasso&#8217;: \u00abI dati indicano una incidenza molto pi\u00f9 forte che nel resto della regione, evidentemente in montagna c&#8217;\u00e8 meno consapevolezza dei fattori di rischio rispetto al mare. Da qui nasce la necessit\u00e0 di mettere in campo una serie di azioni specifiche di prevenzione e sensibilizzazione. La montagna fa bene, il sole \u00e8 un toccasana per l&#8217;apporto vitaminico e per tanti altri benefici, anche all&#8217;umore. Bisogna, per\u00f2 affrontarlo in sicurezza\u00bb. Il progetto \u00abMontagna s\u00ec, melanoma no\u00bb, ha gi\u00e0 coinvolto circa 1.500 studenti. Le scuole del territorio sono state impegnate in tre concorsi per sviluppare di materiale divulgativo \u00abanti-melanoma\u00bb, creato dagli alunni. Nei Rifugi alpini sono state organizzate di sensibilizzazione degli escursionisti, in parallelo alle giornate di prevenzione dell&#8217;ipertensione arteriosa promosse dal Cai. Sui tavoli dei rifugi si \u00e8 mangiato su tovagliette con messaggi di prevenzione del melanoma (tovagliette realizzate dagli alunni). La campagna di prevenzione del melanoma \u00e8 stata inoltre portata all&#8217;interno del Treno della Salute 2024 alla stazione di Belluno. In vista degli eventi olimpici 2026, ed in particolare, nei test event pre-olimpici a Cortina d&#8217;Ampezzo (come la Coppa del Mondo di sci femminile) l&#8217;Ulss 1 Dolomiti ha attivato un punto informativo dedicato al contrasto del melanoma, con operatori impegnati nella finish area.<\/p>\n\n\n\n<p>Mattia Cecchini<\/p>\n","protected":false},"excerpt":{"rendered":"<p>Un terzo degli escursionisti e un quarto degli sciatori affrontano la montagna senza alcuna protezione solare per la pelle. Tra i giovani sciatori si arriva all&#8217;80%. E troppo sole pu\u00f2 provocare melanomi, un tipo di tumore della pelle che peraltro \u00e8 in crescita. E allora \u00e8 in montagna, dove peraltro l&#8217;incidenza dei melanomi \u00e8 pi\u00f9 [&hellip;]<\/p>\n","protected":false},"author":1,"featured_media":1000012346,"comment_status":"closed","ping_status":"closed","sticky":false,"template":"","format":"standard","meta":{"content-type":"","_jetpack_memberships_contains_paid_content":false,"jnews-multi-image_gallery":[],"jnews_single_post":{"format":"standard"},"jnews_primary_category":[],"footnotes":"","jetpack_publicize_message":"","jetpack_publicize_feature_enabled":true,"jetpack_social_post_already_shared":true,"jetpack_social_options":{"image_generator_settings":{"template":"highway","default_image_id":0,"font":"","enabled":false},"version":2}},"categories":[43],"tags":[240],"class_list":{"0":"post-1000012345","1":"post","2":"type-post","3":"status-publish","4":"format-standard","5":"has-post-thumbnail","7":"category-salud","8":"tag-salud"},"jetpack_publicize_connections":[],"jetpack_featured_media_url":"https:\/\/i0.wp.com\/gazzettinoitalianopatagonico.com\/wp-content\/uploads\/2025\/02\/WhatsApp-Image-2025-02-12-at-13.06.42-1024x768-1.jpeg?fit=1024%2C768&ssl=1","jetpack_likes_enabled":true,"jetpack_sharing_enabled":true,"_links":{"self":[{"href":"https:\/\/gazzettinoitalianopatagonico.com\/index.php?rest_route=\/wp\/v2\/posts\/1000012345","targetHints":{"allow":["GET"]}}],"collection":[{"href":"https:\/\/gazzettinoitalianopatagonico.com\/index.php?rest_route=\/wp\/v2\/posts"}],"about":[{"href":"https:\/\/gazzettinoitalianopatagonico.com\/index.php?rest_route=\/wp\/v2\/types\/post"}],"author":[{"embeddable":true,"href":"https:\/\/gazzettinoitalianopatagonico.com\/index.php?rest_route=\/wp\/v2\/users\/1"}],"replies":[{"embeddable":true,"href":"https:\/\/gazzettinoitalianopatagonico.com\/index.php?rest_route=%2Fwp%2Fv2%2Fcomments&post=1000012345"}],"version-history":[{"count":1,"href":"https:\/\/gazzettinoitalianopatagonico.com\/index.php?rest_route=\/wp\/v2\/posts\/1000012345\/revisions"}],"predecessor-version":[{"id":1000012348,"href":"https:\/\/gazzettinoitalianopatagonico.com\/index.php?rest_route=\/wp\/v2\/posts\/1000012345\/revisions\/1000012348"}],"wp:featuredmedia":[{"embeddable":true,"href":"https:\/\/gazzettinoitalianopatagonico.com\/index.php?rest_route=\/wp\/v2\/media\/1000012346"}],"wp:attachment":[{"href":"https:\/\/gazzettinoitalianopatagonico.com\/index.php?rest_route=%2Fwp%2Fv2%2Fmedia&parent=1000012345"}],"wp:term":[{"taxonomy":"category","embeddable":true,"href":"https:\/\/gazzettinoitalianopatagonico.com\/index.php?rest_route=%2Fwp%2Fv2%2Fcategories&post=1000012345"},{"taxonomy":"post_tag","embeddable":true,"href":"https:\/\/gazzettinoitalianopatagonico.com\/index.php?rest_route=%2Fwp%2Fv2%2Ftags&post=1000012345"}],"curies":[{"name":"wp","href":"https:\/\/api.w.org\/{rel}","templated":true}]}}