{"id":1000012331,"date":"2025-02-17T15:56:34","date_gmt":"2025-02-17T18:56:34","guid":{"rendered":"https:\/\/gazzettinoitalianopatagonico.com\/?p=1000012331"},"modified":"2025-02-17T15:56:36","modified_gmt":"2025-02-17T18:56:36","slug":"polonia-lidd-2025-tra-design-ceramica-e-sostenibilita","status":"publish","type":"post","link":"https:\/\/gazzettinoitalianopatagonico.com\/?p=1000012331","title":{"rendered":"Polonia: l&#8217;IDD 2025 tra design, ceramica e sostenibilit\u00e0"},"content":{"rendered":"\n<p>L&#8217;Ambasciatore d&#8217;Italia in Polonia, Luca Franchetti Pardo, ha inaugurato a Varsavia la Giornata del Design Italiano 2025, celebrata tra il 12 e il 13 febbraio con diversi eventi dedicati al ruolo della ceramica nel miglioramento della vita quotidiana delle persone. L&#8217;iniziativa \u00e8 stata co-organizzata dall&#8217;Ambasciata d&#8217;Italia, dall&#8217;Ufficio ICE di Varsavia, dagli Istituti Italiani di Cultura di Varsavia e Cracovia, con il coinvolgimento di Confindustria Ceramica. Nel suo discorso di apertura, l&#8217;Ambasciatore Franchetti Pardo ha ricordato che la millenaria cultura della ceramica \u00e8 intimamente connessa alla diversit\u00e0 dei territori, tanto che si potrebbero immaginare itinerari turistici attraverso l&#8217;Italia ad essa dedicati. Egli ha altres\u00ec evidenziato che la ceramica italiana, oltre alla dimensione industriale ed artistica, si distingue per la sua eco sostenibilit\u00e0, per il basso impatto ambientale e per una forte componente di capitale umano altamente specializzato. Varsavia e Cracovia hanno ospitato giornate di approfondimento sulla ceramica italiana, con la proiezione del documentario \u00abCeramics of Italy\u00bb. Un viaggio nella sostenibilit\u00e0, presentato dalla regista Esmeralda Calabria e dal Direttore Generale di Confindustria Ceramica, Armando Cafiero. A seguire, il seminario dell&#8217;Architetto Andrea Maffei, Ambasciatore del Design italiano in Polonia 2025, ha offerto una riflessione sul legame tra estetica, funzionalit\u00e0 e sostenibilit\u00e0 nel design. A Varsavia, la giornata si \u00e8 conclusa con il lancio della mostra \u00abMater ceramica: materia viva e attuale\u00bb, alla presenza della Direttrice del Museo Internazionale delle Ceramiche di Faenza, Claudia Casali. Gli eventi hanno offerto un&#8217;importante occasione per presentare a una qualificata platea di operatori economici, designer, ricercatori e artisti l&#8217;eccellenza italiana, da Faenza a Sassuolo. La ceramica italiana \u00e8 stata protagonista di un dibattito che ha testimoniato il ruolo centrale del design, dell&#8217;innovazione e della sostenibilit\u00e0 nel dare vita alla filosofia del Made in Italy, che coniuga bellezza, funzionalit\u00e0 e inclusione.<\/p>\n","protected":false},"excerpt":{"rendered":"<p>L&#8217;Ambasciatore d&#8217;Italia in Polonia, Luca Franchetti Pardo, ha inaugurato a Varsavia la Giornata del Design Italiano 2025, celebrata tra il 12 e il 13 febbraio con diversi eventi dedicati al ruolo della ceramica nel miglioramento della vita quotidiana delle persone. L&#8217;iniziativa \u00e8 stata co-organizzata dall&#8217;Ambasciata d&#8217;Italia, dall&#8217;Ufficio ICE di Varsavia, dagli Istituti Italiani di Cultura [&hellip;]<\/p>\n","protected":false},"author":1,"featured_media":1000012332,"comment_status":"closed","ping_status":"closed","sticky":false,"template":"","format":"standard","meta":{"content-type":"","_jetpack_memberships_contains_paid_content":false,"jnews-multi-image_gallery":[],"jnews_single_post":{"format":"standard"},"jnews_primary_category":[],"footnotes":"","jetpack_publicize_message":"","jetpack_publicize_feature_enabled":true,"jetpack_social_post_already_shared":true,"jetpack_social_options":{"image_generator_settings":{"template":"highway","default_image_id":0,"font":"","enabled":false},"version":2}},"categories":[255],"tags":[],"class_list":{"0":"post-1000012331","1":"post","2":"type-post","3":"status-publish","4":"format-standard","5":"has-post-thumbnail","7":"category-sociales"},"jetpack_publicize_connections":[],"jetpack_featured_media_url":"https:\/\/i0.wp.com\/gazzettinoitalianopatagonico.com\/wp-content\/uploads\/2025\/02\/UJKN.png?fit=535%2C349&ssl=1","jetpack_likes_enabled":true,"jetpack_sharing_enabled":true,"_links":{"self":[{"href":"https:\/\/gazzettinoitalianopatagonico.com\/index.php?rest_route=\/wp\/v2\/posts\/1000012331","targetHints":{"allow":["GET"]}}],"collection":[{"href":"https:\/\/gazzettinoitalianopatagonico.com\/index.php?rest_route=\/wp\/v2\/posts"}],"about":[{"href":"https:\/\/gazzettinoitalianopatagonico.com\/index.php?rest_route=\/wp\/v2\/types\/post"}],"author":[{"embeddable":true,"href":"https:\/\/gazzettinoitalianopatagonico.com\/index.php?rest_route=\/wp\/v2\/users\/1"}],"replies":[{"embeddable":true,"href":"https:\/\/gazzettinoitalianopatagonico.com\/index.php?rest_route=%2Fwp%2Fv2%2Fcomments&post=1000012331"}],"version-history":[{"count":1,"href":"https:\/\/gazzettinoitalianopatagonico.com\/index.php?rest_route=\/wp\/v2\/posts\/1000012331\/revisions"}],"predecessor-version":[{"id":1000012333,"href":"https:\/\/gazzettinoitalianopatagonico.com\/index.php?rest_route=\/wp\/v2\/posts\/1000012331\/revisions\/1000012333"}],"wp:featuredmedia":[{"embeddable":true,"href":"https:\/\/gazzettinoitalianopatagonico.com\/index.php?rest_route=\/wp\/v2\/media\/1000012332"}],"wp:attachment":[{"href":"https:\/\/gazzettinoitalianopatagonico.com\/index.php?rest_route=%2Fwp%2Fv2%2Fmedia&parent=1000012331"}],"wp:term":[{"taxonomy":"category","embeddable":true,"href":"https:\/\/gazzettinoitalianopatagonico.com\/index.php?rest_route=%2Fwp%2Fv2%2Fcategories&post=1000012331"},{"taxonomy":"post_tag","embeddable":true,"href":"https:\/\/gazzettinoitalianopatagonico.com\/index.php?rest_route=%2Fwp%2Fv2%2Ftags&post=1000012331"}],"curies":[{"name":"wp","href":"https:\/\/api.w.org\/{rel}","templated":true}]}}