{"id":1000012294,"date":"2025-02-17T15:10:09","date_gmt":"2025-02-17T18:10:09","guid":{"rendered":"https:\/\/gazzettinoitalianopatagonico.com\/?p=1000012294"},"modified":"2025-02-17T15:10:10","modified_gmt":"2025-02-17T18:10:10","slug":"wandre-chi-era-costui-chi-e-il-liutaio-visionario-che-lucio-corsi-ha-portato-a-sanremo","status":"publish","type":"post","link":"https:\/\/gazzettinoitalianopatagonico.com\/?p=1000012294","title":{"rendered":"\u00abWandr\u00e8 chi era costui?\u00bb: chi \u00e8 il liutaio visionario che Lucio Corsi ha portato a Sanremo"},"content":{"rendered":"\n<p>Agli appassionati di musica quella chitarra cos\u00ec particolare, soprattutto su un palco come quello di Sanremo, non \u00e8 certo passata inosservata. Ma in ogni caso ci aveva pensato lo stesso Lucio Corsi ad anticiparlo, con un post su Instagram qualche ora prima della finalissima di sabato. \u00abStasera mi vesto chitarra Wandr\u00e8\u2013 ha scritto il cantautore toscano sui social l&#8217;altro giorno- per l&#8217;ultima notte all&#8217;Ariston serviva tirare fuori Excalibur dalla custodia\u00bb. Ai pi\u00f9, quel nome molto probabilmente dice poco. E ne \u00e8 consapevole anche Corsi, tanto da citare nel suo post Francesco Guccini. \u00abWandr\u00e8! Chi era costui?- diceva il &#8216;Maestrone&#8217;- mi raccontano che faceva chitarre, ma non chitarre come hanno da essere le chitarre, piuttosto oggetti dotati di anima propria, ribelli, addirittura pericolose. Che se fai l&#8217;errore di prenderne una in mano rischi di perderti e non ritrovarti mai pi\u00f9\u00bb. Antonio Pioli, in arte Wandr\u00e8, \u00e8 stato uno dei liutai pi\u00f9 geniali e visionari d&#8217;Italia, e non solo. Originario di Cavriago, in provincia di Reggio Emilia, \u00e8 molto poco conosciuto nel nostro Paese, ma quasi venerato all&#8217;estero. Bob Dylan e Frank Zappa, ad esempio, erano estimatori delle sue chitarre. Sean Lennon possiede il modello &#8216;Scarabeo&#8217;, ispirato ai Beatles, la cui paletta \u00e8 modellata sul profilo del volto di suo padre John. Ma una Wandr\u00e8 \u00e8 stata usata anche da Ace Frehley, ex chitarrista dei Kiss, e Johnny Depp ne ha regalata una a Joe Perry degli Aerosmith. In Italia Pioli costru\u00ec la prima chitarra elettrica di Adriano Celentano e anche l&#8217;unica mai utilizzata da Guccini, oltre a quelle per i Nomadi. Ma vantano una Wandr\u00e8 anche artisti come Federico Poggipollini e Filippo Graziani. Realizzate negli anni Sessanta, le chitarre di Pioli erano veri e propri pezzi di pop art, che mischiavano surrealismo, futurismo e psichedelia. Si tratta per lo di pi\u00f9 pezzi unici (il valore pu\u00f2 arrivare a 25.000 euro), tutti ispirati a fatti di attualit\u00e0 o alla politica dell&#8217;epoca, a personaggi famosi o anche a esperienze personali dello stesso Pioli. C&#8217;\u00e8 appunto la chitarra dedicata ai Beatles e quella a Brigitte Bardot, ma anche modelli influenzati dalle esplorazioni spaziali. Dal 1960 al 1970 Wandr\u00e8 realizz\u00f2 le sue chitarre a Cavriago in un&#8217;avveniristica (e utopica) fabbrica rotonda, open space, con una grande finestra ovale sul tetto, perch\u00e9 sosteneva che il lavoro \u00e8 comunque una costrizione, anche quando piace, e che gli operai dovessero sempre sentirsi liberi. Gli stessi lavoratori erano coinvolti nell&#8217;organizzazione e pianificazione del lavoro, nella personalizzazione dei modelli e nella promozione. Per celebrare i 20 anni della morte di Pioli, avvenuta nel 2004, il Museo internazionale della musica di Bologna l&#8217;anno scorso ha organizzato una mostra dedicata a lui (\u00abWandr\u00e8-La chitarra del futuro\u00bb), con molti dei suoi pezzi esposti. \u00abGrazie infinite a Marco Ballestri e la banda di Wandreani che ci hanno permesso di portare queste chitarre cos\u00ec magiche sul palco del festival della canzone italiana\u00bb, scrive ancora Lucio Corsi nel suo post.<\/p>\n\n\n\n<p>Andrea Sangermano<\/p>\n","protected":false},"excerpt":{"rendered":"<p>Agli appassionati di musica quella chitarra cos\u00ec particolare, soprattutto su un palco come quello di Sanremo, non \u00e8 certo passata inosservata. Ma in ogni caso ci aveva pensato lo stesso Lucio Corsi ad anticiparlo, con un post su Instagram qualche ora prima della finalissima di sabato. \u00abStasera mi vesto chitarra Wandr\u00e8\u2013 ha scritto il cantautore [&hellip;]<\/p>\n","protected":false},"author":1,"featured_media":1000012295,"comment_status":"closed","ping_status":"closed","sticky":false,"template":"","format":"standard","meta":{"content-type":"","_jetpack_memberships_contains_paid_content":false,"jnews-multi-image_gallery":[],"jnews_single_post":{"format":"standard"},"jnews_primary_category":[],"footnotes":"","jetpack_publicize_message":"","jetpack_publicize_feature_enabled":true,"jetpack_social_post_already_shared":true,"jetpack_social_options":{"image_generator_settings":{"template":"highway","default_image_id":0,"font":"","enabled":false},"version":2}},"categories":[255],"tags":[286],"class_list":{"0":"post-1000012294","1":"post","2":"type-post","3":"status-publish","4":"format-standard","5":"has-post-thumbnail","7":"category-sociales","8":"tag-musica"},"jetpack_publicize_connections":[],"jetpack_featured_media_url":"https:\/\/i0.wp.com\/gazzettinoitalianopatagonico.com\/wp-content\/uploads\/2025\/02\/lucio-corsi_chitarra.jpg?fit=454%2C309&ssl=1","jetpack_likes_enabled":true,"jetpack_sharing_enabled":true,"_links":{"self":[{"href":"https:\/\/gazzettinoitalianopatagonico.com\/index.php?rest_route=\/wp\/v2\/posts\/1000012294","targetHints":{"allow":["GET"]}}],"collection":[{"href":"https:\/\/gazzettinoitalianopatagonico.com\/index.php?rest_route=\/wp\/v2\/posts"}],"about":[{"href":"https:\/\/gazzettinoitalianopatagonico.com\/index.php?rest_route=\/wp\/v2\/types\/post"}],"author":[{"embeddable":true,"href":"https:\/\/gazzettinoitalianopatagonico.com\/index.php?rest_route=\/wp\/v2\/users\/1"}],"replies":[{"embeddable":true,"href":"https:\/\/gazzettinoitalianopatagonico.com\/index.php?rest_route=%2Fwp%2Fv2%2Fcomments&post=1000012294"}],"version-history":[{"count":1,"href":"https:\/\/gazzettinoitalianopatagonico.com\/index.php?rest_route=\/wp\/v2\/posts\/1000012294\/revisions"}],"predecessor-version":[{"id":1000012296,"href":"https:\/\/gazzettinoitalianopatagonico.com\/index.php?rest_route=\/wp\/v2\/posts\/1000012294\/revisions\/1000012296"}],"wp:featuredmedia":[{"embeddable":true,"href":"https:\/\/gazzettinoitalianopatagonico.com\/index.php?rest_route=\/wp\/v2\/media\/1000012295"}],"wp:attachment":[{"href":"https:\/\/gazzettinoitalianopatagonico.com\/index.php?rest_route=%2Fwp%2Fv2%2Fmedia&parent=1000012294"}],"wp:term":[{"taxonomy":"category","embeddable":true,"href":"https:\/\/gazzettinoitalianopatagonico.com\/index.php?rest_route=%2Fwp%2Fv2%2Fcategories&post=1000012294"},{"taxonomy":"post_tag","embeddable":true,"href":"https:\/\/gazzettinoitalianopatagonico.com\/index.php?rest_route=%2Fwp%2Fv2%2Ftags&post=1000012294"}],"curies":[{"name":"wp","href":"https:\/\/api.w.org\/{rel}","templated":true}]}}