{"id":1000012258,"date":"2025-02-15T13:34:35","date_gmt":"2025-02-15T16:34:35","guid":{"rendered":"https:\/\/gazzettinoitalianopatagonico.com\/?p=1000012258"},"modified":"2025-02-15T13:36:06","modified_gmt":"2025-02-15T16:36:06","slug":"a-monaco-gli-uomini-di-trump-trattano-la-resa-delleuropa-a-putin","status":"publish","type":"post","link":"https:\/\/gazzettinoitalianopatagonico.com\/?p=1000012258","title":{"rendered":"A Monaco gli uomini di Trump trattano la resa dell&#8217;Europa a Putin?"},"content":{"rendered":"\n<p>Sempre a Monaco, alla fine comunque spero che non finisca come nel 1938, che in qualche modo si riesca a contenere la voglia di guerra del dittatore del nostro tempo pi\u00f9 vicino ai nostri confini: Vladimir Putin. E fa impressione rileggere il discorso che nel 1938 fece Winston Churchill in Parlamento dopo l&#8217;accordo siglato a porte chiuse a Monaco tra il premier inglese, quello francese, il nazista Adolf Hitler e il fascista Benito Mussolini sullo smembramento e l&#8217;annessione alla Germania di un pezzo di territorio della Cecoslovacchia. Il premier inglese che firm\u00f2 il trattato lo giustific\u00f2 come pegno per la pace. Qualche giorno dopo ci fu il dibattito in Parlamento e Churchill pronunci\u00f2 queste parole, dure, che lette oggi mettono i brividi. Basta togliere Cecoslovacchia e mettere Ucraina, Putin al posto di Hitler e sembra di leggere quello che potr\u00e0 accadere domani. A noi, qui in Europa, non a Trump e alla sua corte di fedeli adoranti. Disse Churchill: \u00ab&#8230; \u00c8 tutto finito. Muta, triste, abbandonata, smembrata, la Cecoslovacchia svanisce nell&#8217;oscurit\u00e0. Ha pagato sotto ogni aspetto il suo legame con le democrazie occidentali e con la Lega delle Nazioni, di cui \u00e8 sempre stata alleata fedele. Questa \u00e8 una sconfitta totale e assoluta. In un periodo che si pu\u00f2 misurare in anni, ma anche solo in mesi, la Cecoslovacchia sar\u00e0 inghiottita dal regime nazista [&#8230;] Ci troviamo di fronte ad un disastro di prima grandezza che si \u00e8 abbattuto sulla Gran Bretagna e sulla Francia. Non inganniamoci su questo [&#8230;] Il primo ministro auspica relazioni cordiali tra la Germania e il nostro Paese. Non abbiamo nessuna difficolt\u00e0 a stringere relazioni cordiali con il popolo tedesco. Il nostro cuore gli \u00e8 vicino. Ma esso non ha nessun potere. Si possono avere rapporti diplomatici e corretti, ma non ci pu\u00f2 essere amicizia tra la democrazia britannica e il potere nazista, il potere [&#8230;] che accompagna al suo cammino un paganesimo barbaro, che esalta lo spirito di aggressione e di conquista, che trae forza e un piacere perverso dalla persecuzione e sfrutta come abbiamo visto con brutalit\u00e0 spietata la minaccia della forza omicida. Mai siffatto potere potr\u00e0 essere l&#8217;amico fidato della democrazia inglese. Trovo intollerabile l&#8217;idea che il nostro Paese cada sotto il potere e l&#8217;influenza e nell&#8217;orbita della Germania nazista [&#8230;] Non mi lamento del nostro popolo leale e coraggioso [&#8230;] Ma esso deve sapere che vi sono state gravi negligenze e lacune nelle nostre difese; deve sapere che abbiamo subito una sconfitta senza guerra, le cui conseguenze ci accompagneranno a lungo [&#8230;] Non pensate che sia finita; questo \u00e8 solo l&#8217;inizio della resa dei conti, solo il primo passo, un assaggio dell&#8217;amaro calice che verr\u00e0 propinato anno per anno, se non risorgeremo per difendere la libert\u00e0 come in passato, ritrovando con uno sforzo supremo la salute morale e il vigore marziale [&#8230;] Potevamo scegliere tra il disonore e la guerra, abbiamo scelto il disonore e avremo la guerra&#8230;\u00bb. Anche per noi \u00e8 arrivato il momento della verit\u00e0.<\/p>\n\n\n\n<p>Nico Perrone<\/p>\n","protected":false},"excerpt":{"rendered":"<p>Sempre a Monaco, alla fine comunque spero che non finisca come nel 1938, che in qualche modo si riesca a contenere la voglia di guerra del dittatore del nostro tempo pi\u00f9 vicino ai nostri confini: Vladimir Putin. E fa impressione rileggere il discorso che nel 1938 fece Winston Churchill in Parlamento dopo l&#8217;accordo siglato a [&hellip;]<\/p>\n","protected":false},"author":1,"featured_media":1000012259,"comment_status":"closed","ping_status":"closed","sticky":false,"template":"","format":"standard","meta":{"content-type":"","_jetpack_memberships_contains_paid_content":false,"jnews-multi-image_gallery":[],"jnews_single_post":{"format":"standard"},"jnews_primary_category":[],"footnotes":"","jetpack_publicize_message":"","jetpack_publicize_feature_enabled":true,"jetpack_social_post_already_shared":true,"jetpack_social_options":{"image_generator_settings":{"template":"highway","default_image_id":0,"font":"","enabled":false},"version":2}},"categories":[388,41],"tags":[389,167],"class_list":{"0":"post-1000012258","1":"post","2":"type-post","3":"status-publish","4":"format-standard","5":"has-post-thumbnail","7":"category-editorial","8":"category-mundo","9":"tag-editorial","10":"tag-mundo"},"jetpack_publicize_connections":[],"jetpack_featured_media_url":"https:\/\/i0.wp.com\/gazzettinoitalianopatagonico.com\/wp-content\/uploads\/2025\/02\/FOTO-A-2-SITO-2025-02-14T150705.051-1024x576-1.jpg?fit=1024%2C576&ssl=1","jetpack_likes_enabled":true,"jetpack_sharing_enabled":true,"_links":{"self":[{"href":"https:\/\/gazzettinoitalianopatagonico.com\/index.php?rest_route=\/wp\/v2\/posts\/1000012258","targetHints":{"allow":["GET"]}}],"collection":[{"href":"https:\/\/gazzettinoitalianopatagonico.com\/index.php?rest_route=\/wp\/v2\/posts"}],"about":[{"href":"https:\/\/gazzettinoitalianopatagonico.com\/index.php?rest_route=\/wp\/v2\/types\/post"}],"author":[{"embeddable":true,"href":"https:\/\/gazzettinoitalianopatagonico.com\/index.php?rest_route=\/wp\/v2\/users\/1"}],"replies":[{"embeddable":true,"href":"https:\/\/gazzettinoitalianopatagonico.com\/index.php?rest_route=%2Fwp%2Fv2%2Fcomments&post=1000012258"}],"version-history":[{"count":1,"href":"https:\/\/gazzettinoitalianopatagonico.com\/index.php?rest_route=\/wp\/v2\/posts\/1000012258\/revisions"}],"predecessor-version":[{"id":1000012260,"href":"https:\/\/gazzettinoitalianopatagonico.com\/index.php?rest_route=\/wp\/v2\/posts\/1000012258\/revisions\/1000012260"}],"wp:featuredmedia":[{"embeddable":true,"href":"https:\/\/gazzettinoitalianopatagonico.com\/index.php?rest_route=\/wp\/v2\/media\/1000012259"}],"wp:attachment":[{"href":"https:\/\/gazzettinoitalianopatagonico.com\/index.php?rest_route=%2Fwp%2Fv2%2Fmedia&parent=1000012258"}],"wp:term":[{"taxonomy":"category","embeddable":true,"href":"https:\/\/gazzettinoitalianopatagonico.com\/index.php?rest_route=%2Fwp%2Fv2%2Fcategories&post=1000012258"},{"taxonomy":"post_tag","embeddable":true,"href":"https:\/\/gazzettinoitalianopatagonico.com\/index.php?rest_route=%2Fwp%2Fv2%2Ftags&post=1000012258"}],"curies":[{"name":"wp","href":"https:\/\/api.w.org\/{rel}","templated":true}]}}