{"id":1000012256,"date":"2025-02-15T13:32:22","date_gmt":"2025-02-15T16:32:22","guid":{"rendered":"https:\/\/gazzettinoitalianopatagonico.com\/?p=1000012256"},"modified":"2025-02-15T13:32:24","modified_gmt":"2025-02-15T16:32:24","slug":"onori-az-necessario-fare-chiarezza-sulla-questione-dei-centri-per-migranti-in-albania","status":"publish","type":"post","link":"https:\/\/gazzettinoitalianopatagonico.com\/?p=1000012256","title":{"rendered":"Onori (Az): Necessario fare chiarezza sulla questione dei centri per migranti in Albania"},"content":{"rendered":"\n<p>\u00abQuello che sta accadendo con i centri in Albania \u00e8 inaccettabile. Oggi scopriamo che la cooperativa Medihospes ha interrotto il rapporto con i dipendenti, segnalando l&#8217;impossibilit\u00e0 di accogliere nuovi flussi migratori. Questo \u00e8 solo l&#8217;ultimo capitolo di una vicenda che, fin dall&#8217;inizio, \u00e8 stata segnata da inefficienze e decisioni discutibili\u00bb, ha dichiarato Federica Onori, deputata di Azione. \u00abSolo la settimana scorsa abbiamo chiesto al governo di spiegare perch\u00e9 siano aperti questi centri in primo luogo. Non esistono evidenze scientifiche che ne dimostrino l&#8217;efficacia come deterrente per l&#8217;immigrazione irregolare e, alla luce di questa gestione fallimentare, lo spreco di risorse pubbliche risulta ancora pi\u00f9 evidente. \u00c8 ora che il Governo Meloni s\u00ec assuma le sue responsabilit\u00e0 politiche e chieda scusa agli italiani per questo sperpero di soldi pubblici &#8211; ha concluso Onori\u00bb.<\/p>\n","protected":false},"excerpt":{"rendered":"<p>\u00abQuello che sta accadendo con i centri in Albania \u00e8 inaccettabile. Oggi scopriamo che la cooperativa Medihospes ha interrotto il rapporto con i dipendenti, segnalando l&#8217;impossibilit\u00e0 di accogliere nuovi flussi migratori. Questo \u00e8 solo l&#8217;ultimo capitolo di una vicenda che, fin dall&#8217;inizio, \u00e8 stata segnata da inefficienze e decisioni discutibili\u00bb, ha dichiarato Federica Onori, deputata [&hellip;]<\/p>\n","protected":false},"author":1,"featured_media":1000011887,"comment_status":"closed","ping_status":"closed","sticky":false,"template":"","format":"standard","meta":{"content-type":"","_jetpack_memberships_contains_paid_content":false,"jnews-multi-image_gallery":[],"jnews_single_post":{"format":"standard"},"jnews_primary_category":[],"footnotes":"","jetpack_publicize_message":"","jetpack_publicize_feature_enabled":true,"jetpack_social_post_already_shared":true,"jetpack_social_options":{"image_generator_settings":{"template":"highway","default_image_id":0,"font":"","enabled":false},"version":2}},"categories":[32],"tags":[640],"class_list":{"0":"post-1000012256","1":"post","2":"type-post","3":"status-publish","4":"format-standard","5":"has-post-thumbnail","7":"category-politica","8":"tag-federica-onori"},"jetpack_publicize_connections":[],"jetpack_featured_media_url":"https:\/\/i0.wp.com\/gazzettinoitalianopatagonico.com\/wp-content\/uploads\/2025\/02\/onori.png?fit=720%2C390&ssl=1","jetpack_likes_enabled":true,"jetpack_sharing_enabled":true,"_links":{"self":[{"href":"https:\/\/gazzettinoitalianopatagonico.com\/index.php?rest_route=\/wp\/v2\/posts\/1000012256","targetHints":{"allow":["GET"]}}],"collection":[{"href":"https:\/\/gazzettinoitalianopatagonico.com\/index.php?rest_route=\/wp\/v2\/posts"}],"about":[{"href":"https:\/\/gazzettinoitalianopatagonico.com\/index.php?rest_route=\/wp\/v2\/types\/post"}],"author":[{"embeddable":true,"href":"https:\/\/gazzettinoitalianopatagonico.com\/index.php?rest_route=\/wp\/v2\/users\/1"}],"replies":[{"embeddable":true,"href":"https:\/\/gazzettinoitalianopatagonico.com\/index.php?rest_route=%2Fwp%2Fv2%2Fcomments&post=1000012256"}],"version-history":[{"count":1,"href":"https:\/\/gazzettinoitalianopatagonico.com\/index.php?rest_route=\/wp\/v2\/posts\/1000012256\/revisions"}],"predecessor-version":[{"id":1000012257,"href":"https:\/\/gazzettinoitalianopatagonico.com\/index.php?rest_route=\/wp\/v2\/posts\/1000012256\/revisions\/1000012257"}],"wp:featuredmedia":[{"embeddable":true,"href":"https:\/\/gazzettinoitalianopatagonico.com\/index.php?rest_route=\/wp\/v2\/media\/1000011887"}],"wp:attachment":[{"href":"https:\/\/gazzettinoitalianopatagonico.com\/index.php?rest_route=%2Fwp%2Fv2%2Fmedia&parent=1000012256"}],"wp:term":[{"taxonomy":"category","embeddable":true,"href":"https:\/\/gazzettinoitalianopatagonico.com\/index.php?rest_route=%2Fwp%2Fv2%2Fcategories&post=1000012256"},{"taxonomy":"post_tag","embeddable":true,"href":"https:\/\/gazzettinoitalianopatagonico.com\/index.php?rest_route=%2Fwp%2Fv2%2Ftags&post=1000012256"}],"curies":[{"name":"wp","href":"https:\/\/api.w.org\/{rel}","templated":true}]}}