{"id":1000012254,"date":"2025-02-15T13:31:16","date_gmt":"2025-02-15T16:31:16","guid":{"rendered":"https:\/\/gazzettinoitalianopatagonico.com\/?p=1000012254"},"modified":"2025-02-15T13:31:18","modified_gmt":"2025-02-15T16:31:18","slug":"genova-onori-lodi-az-il-teatro-carlo-felice-annulli-il-concerto-di-alexander-romanovsky","status":"publish","type":"post","link":"https:\/\/gazzettinoitalianopatagonico.com\/?p=1000012254","title":{"rendered":"Genova, Onori-Lodi (Az): \u00abIl Teatro Carlo Felice annulli il concerto di Alexander Romanovsky\u00bb"},"content":{"rendered":"\n<p>\u00abApprendiamo che il Teatro Carlo Felice di Genova ha organizzato per oggi un concerto del pianista ucraino naturalizzato italiano Alexander Romanovsky, in sostituzione dell&#8217;artista inizialmente previsto. Una scelta a dir poco discutibile, considerando che Romanovsky ha suonato tra le rovine del teatro Mariupol bombardato, in aperto appoggio ai crimini del Cremlino. Non \u00e8 la prima volta che la sua presenza genera polemiche: un suo concerto \u00e8 stato annullato l&#8217;anno scorso anche a Roma e ha suscitato contestazioni in varie citt\u00e0. Chiediamo al Teatro Carlo Felice di rivedere la sua decisione e di annullare l&#8217;evento di questa sera. La musica \u00e8 un linguaggio universale, ma non pu\u00f2 essere estranea al contesto in cui viene suonata, n\u00e9 usata per legittimare, direttamente o indirettamente, narrazioni che giustifichino l&#8217;aggressione russa all&#8217;Ucraina\u00bb.<\/p>\n\n\n\n<p>Lo dichiarano la deputata di Azione e membro della commissione Affari Esteri alla Camera, Federica Onori e la consigliera comunale di Azione a Genova, Cristina Lodi.<\/p>\n","protected":false},"excerpt":{"rendered":"<p>\u00abApprendiamo che il Teatro Carlo Felice di Genova ha organizzato per oggi un concerto del pianista ucraino naturalizzato italiano Alexander Romanovsky, in sostituzione dell&#8217;artista inizialmente previsto. Una scelta a dir poco discutibile, considerando che Romanovsky ha suonato tra le rovine del teatro Mariupol bombardato, in aperto appoggio ai crimini del Cremlino. Non \u00e8 la prima [&hellip;]<\/p>\n","protected":false},"author":1,"featured_media":1000011065,"comment_status":"closed","ping_status":"closed","sticky":false,"template":"","format":"standard","meta":{"content-type":"","_jetpack_memberships_contains_paid_content":false,"jnews-multi-image_gallery":[],"jnews_single_post":{"format":"standard"},"jnews_primary_category":[],"footnotes":"","jetpack_publicize_message":"","jetpack_publicize_feature_enabled":true,"jetpack_social_post_already_shared":true,"jetpack_social_options":{"image_generator_settings":{"template":"highway","default_image_id":0,"font":"","enabled":false},"version":2}},"categories":[32],"tags":[640],"class_list":{"0":"post-1000012254","1":"post","2":"type-post","3":"status-publish","4":"format-standard","5":"has-post-thumbnail","7":"category-politica","8":"tag-federica-onori"},"jetpack_publicize_connections":[],"jetpack_featured_media_url":"https:\/\/i0.wp.com\/gazzettinoitalianopatagonico.com\/wp-content\/uploads\/2025\/01\/FEDERICA-ONORI-.png?fit=678%2C452&ssl=1","jetpack_likes_enabled":true,"jetpack_sharing_enabled":true,"_links":{"self":[{"href":"https:\/\/gazzettinoitalianopatagonico.com\/index.php?rest_route=\/wp\/v2\/posts\/1000012254","targetHints":{"allow":["GET"]}}],"collection":[{"href":"https:\/\/gazzettinoitalianopatagonico.com\/index.php?rest_route=\/wp\/v2\/posts"}],"about":[{"href":"https:\/\/gazzettinoitalianopatagonico.com\/index.php?rest_route=\/wp\/v2\/types\/post"}],"author":[{"embeddable":true,"href":"https:\/\/gazzettinoitalianopatagonico.com\/index.php?rest_route=\/wp\/v2\/users\/1"}],"replies":[{"embeddable":true,"href":"https:\/\/gazzettinoitalianopatagonico.com\/index.php?rest_route=%2Fwp%2Fv2%2Fcomments&post=1000012254"}],"version-history":[{"count":1,"href":"https:\/\/gazzettinoitalianopatagonico.com\/index.php?rest_route=\/wp\/v2\/posts\/1000012254\/revisions"}],"predecessor-version":[{"id":1000012255,"href":"https:\/\/gazzettinoitalianopatagonico.com\/index.php?rest_route=\/wp\/v2\/posts\/1000012254\/revisions\/1000012255"}],"wp:featuredmedia":[{"embeddable":true,"href":"https:\/\/gazzettinoitalianopatagonico.com\/index.php?rest_route=\/wp\/v2\/media\/1000011065"}],"wp:attachment":[{"href":"https:\/\/gazzettinoitalianopatagonico.com\/index.php?rest_route=%2Fwp%2Fv2%2Fmedia&parent=1000012254"}],"wp:term":[{"taxonomy":"category","embeddable":true,"href":"https:\/\/gazzettinoitalianopatagonico.com\/index.php?rest_route=%2Fwp%2Fv2%2Fcategories&post=1000012254"},{"taxonomy":"post_tag","embeddable":true,"href":"https:\/\/gazzettinoitalianopatagonico.com\/index.php?rest_route=%2Fwp%2Fv2%2Ftags&post=1000012254"}],"curies":[{"name":"wp","href":"https:\/\/api.w.org\/{rel}","templated":true}]}}