{"id":1000012250,"date":"2025-02-15T13:29:59","date_gmt":"2025-02-15T16:29:59","guid":{"rendered":"https:\/\/gazzettinoitalianopatagonico.com\/?p=1000012250"},"modified":"2025-02-15T13:30:01","modified_gmt":"2025-02-15T16:30:01","slug":"haiti-bandas-criminales-incendian-hospital-de-puerto-principe","status":"publish","type":"post","link":"https:\/\/gazzettinoitalianopatagonico.com\/?p=1000012250","title":{"rendered":"Hait\u00ed: Bandas criminales incendian hospital de Puerto Pr\u00edncipe"},"content":{"rendered":"\n<p>Miembros de la coalici\u00f3n de bandas armadas haitianas \u00abViv Ansanm\u00bb incendiaron el hospital universitario de la capital, Puerto Pr\u00edncipe, el principal hospital p\u00fablico de la ciudad. Los principales medios de comunicaci\u00f3n haitianos lo informaron y las im\u00e1genes del edificio en llamas se difundieron en las redes sociales. La ortopedia, la cirug\u00eda y la sala de archivos del hospital fueron las \u00e1reas m\u00e1s afectadas, seg\u00fan el director ejecutivo, doctor Prince Pierre Sonson, quien denunci\u00f3 la destrucci\u00f3n de un valioso aparato para extraer balas del cad\u00e1ver. En un comunicado, el Ministerio de Salud P\u00fablica conden\u00f3 el ataque y lo calific\u00f3 de \u00abacto inaceptable de vandalismo\u00bb contra el sistema de salud del pa\u00eds. Por ello, el Ministerio hizo un llamamiento a las autoridades competentes para que adopten \u00ablas medidas necesarias\u00bb para proteger las estructuras m\u00e9dicas y garantizar el acceso a la atenci\u00f3n a toda la poblaci\u00f3n. El Hospital Universitario de Puerto Pr\u00edncipe hab\u00eda sido atacado y saqueado en el pasado y volvi\u00f3 a estar en pleno funcionamiento hace unos meses. El 16 de diciembre, \u00abViv Ansamn\u00bb atac\u00f3 otra instituci\u00f3n m\u00e9dica, incendiando el hospital Bernard Mevs. Miembros de la coalici\u00f3n criminal incendiaron el laboratorio y el quir\u00f3fano. \u00abNuestro hospital fue atacado. A lo largo de su existencia, hemos servido a la poblaci\u00f3n sin prejuicios y muchas personas deben su vida a m\u00e9dicos y enfermeras que las trataron con profesionalismo\u00bb, denunciaron los trabajadores del hospital. Ante las persistentes amenazas, los responsables del establecimiento han hecho un llamado urgente a las autoridades para contrarrestar las acciones de los delincuentes y proteger el centro m\u00e9dico. El hospital se especializa en el tratamiento de enfermedades respiratorias y est\u00e1 designado como instalaci\u00f3n esencial por las autoridades locales.<\/p>\n","protected":false},"excerpt":{"rendered":"<p>Miembros de la coalici\u00f3n de bandas armadas haitianas \u00abViv Ansanm\u00bb incendiaron el hospital universitario de la capital, Puerto Pr\u00edncipe, el principal hospital p\u00fablico de la ciudad. Los principales medios de comunicaci\u00f3n haitianos lo informaron y las im\u00e1genes del edificio en llamas se difundieron en las redes sociales. La ortopedia, la cirug\u00eda y la sala de [&hellip;]<\/p>\n","protected":false},"author":1,"featured_media":1000012251,"comment_status":"closed","ping_status":"closed","sticky":false,"template":"","format":"standard","meta":{"content-type":"","_jetpack_memberships_contains_paid_content":false,"jnews-multi-image_gallery":[],"jnews_single_post":{"format":"standard"},"jnews_primary_category":[],"footnotes":"","jetpack_publicize_message":"","jetpack_publicize_feature_enabled":true,"jetpack_social_post_already_shared":true,"jetpack_social_options":{"image_generator_settings":{"template":"highway","default_image_id":0,"font":"","enabled":false},"version":2}},"categories":[41],"tags":[167],"class_list":{"0":"post-1000012250","1":"post","2":"type-post","3":"status-publish","4":"format-standard","5":"has-post-thumbnail","7":"category-mundo","8":"tag-mundo"},"jetpack_publicize_connections":[],"jetpack_featured_media_url":"https:\/\/i0.wp.com\/gazzettinoitalianopatagonico.com\/wp-content\/uploads\/2025\/02\/cq5dam.thumbnail.cropped.750.422-11.jpeg?fit=750%2C422&ssl=1","jetpack_likes_enabled":true,"jetpack_sharing_enabled":true,"_links":{"self":[{"href":"https:\/\/gazzettinoitalianopatagonico.com\/index.php?rest_route=\/wp\/v2\/posts\/1000012250","targetHints":{"allow":["GET"]}}],"collection":[{"href":"https:\/\/gazzettinoitalianopatagonico.com\/index.php?rest_route=\/wp\/v2\/posts"}],"about":[{"href":"https:\/\/gazzettinoitalianopatagonico.com\/index.php?rest_route=\/wp\/v2\/types\/post"}],"author":[{"embeddable":true,"href":"https:\/\/gazzettinoitalianopatagonico.com\/index.php?rest_route=\/wp\/v2\/users\/1"}],"replies":[{"embeddable":true,"href":"https:\/\/gazzettinoitalianopatagonico.com\/index.php?rest_route=%2Fwp%2Fv2%2Fcomments&post=1000012250"}],"version-history":[{"count":1,"href":"https:\/\/gazzettinoitalianopatagonico.com\/index.php?rest_route=\/wp\/v2\/posts\/1000012250\/revisions"}],"predecessor-version":[{"id":1000012252,"href":"https:\/\/gazzettinoitalianopatagonico.com\/index.php?rest_route=\/wp\/v2\/posts\/1000012250\/revisions\/1000012252"}],"wp:featuredmedia":[{"embeddable":true,"href":"https:\/\/gazzettinoitalianopatagonico.com\/index.php?rest_route=\/wp\/v2\/media\/1000012251"}],"wp:attachment":[{"href":"https:\/\/gazzettinoitalianopatagonico.com\/index.php?rest_route=%2Fwp%2Fv2%2Fmedia&parent=1000012250"}],"wp:term":[{"taxonomy":"category","embeddable":true,"href":"https:\/\/gazzettinoitalianopatagonico.com\/index.php?rest_route=%2Fwp%2Fv2%2Fcategories&post=1000012250"},{"taxonomy":"post_tag","embeddable":true,"href":"https:\/\/gazzettinoitalianopatagonico.com\/index.php?rest_route=%2Fwp%2Fv2%2Ftags&post=1000012250"}],"curies":[{"name":"wp","href":"https:\/\/api.w.org\/{rel}","templated":true}]}}