{"id":1000012196,"date":"2025-02-14T09:53:54","date_gmt":"2025-02-14T12:53:54","guid":{"rendered":"https:\/\/gazzettinoitalianopatagonico.com\/?p=1000012196"},"modified":"2025-02-14T09:53:56","modified_gmt":"2025-02-14T12:53:56","slug":"falliscono-le-trattative-con-lestrema-destra-in-austria-si-va-verso-le-elezioni-anticipate","status":"publish","type":"post","link":"https:\/\/gazzettinoitalianopatagonico.com\/?p=1000012196","title":{"rendered":"Falliscono le trattative con l&#8217;estrema destra, in Austria si va verso le elezioni anticipate"},"content":{"rendered":"\n<p>L&#8217;Austria va verso le elezioni anticipate, dopo il fallimento dei negoziati tra il Partito della Libert\u00e0 (FP\u00d6) e il Partito Popolare (\u00d6VP) per la formazione di un governo di coalizione. L&#8217;intesa che avrebbe dato i natali al primo esecutivo a guida di estrema destra nella storia del Paese \u00e8 saltata. Niente accordo su ministeri chiave e politiche sull&#8217;immigrazione. Il leader dell&#8217;FP\u00d6, Herbert Kickl, ha annunciato ufficialmente la rottura delle trattative, dichiarando che il suo partito aveva concesso ampi margini di compromesso, senza per\u00f2 ricevere lo stesso atteggiamento dai Popolari: \u00abAbbiamo fatto concessioni su molti punti, ma i negoziati non hanno avuto successo\u00bb. Ovviamente il Partito Popolare invece accusa Kickl di eccessiva intransigenza, e di muoversi per una \u00absete di potere\u00bb. Il mancato accordo segna un punto di svolta nella politica austriaca. I colloqui andavano avanti da gennaio. Ora con le elezioni anticipate pu\u00f2 succedere un po&#8217; di tutto, l&#8217;FP\u00d6 \u00e8 in vantaggio nei sondaggi, con il 35% delle preferenze, in crescita rispetto al 29% ottenuto alle elezioni di settembre. L&#8217;\u00d6VP, che all&#8217;epoca era il secondo partito con il 26%, \u00e8 invece crollato al 18%, finendo dietro ai Socialdemocratici.<\/p>\n\n\n\n<p>Michele Zotto<\/p>\n","protected":false},"excerpt":{"rendered":"<p>L&#8217;Austria va verso le elezioni anticipate, dopo il fallimento dei negoziati tra il Partito della Libert\u00e0 (FP\u00d6) e il Partito Popolare (\u00d6VP) per la formazione di un governo di coalizione. L&#8217;intesa che avrebbe dato i natali al primo esecutivo a guida di estrema destra nella storia del Paese \u00e8 saltata. Niente accordo su ministeri chiave [&hellip;]<\/p>\n","protected":false},"author":1,"featured_media":1000012197,"comment_status":"closed","ping_status":"closed","sticky":false,"template":"","format":"standard","meta":{"content-type":"","_jetpack_memberships_contains_paid_content":false,"jnews-multi-image_gallery":[],"jnews_single_post":{"format":"standard"},"jnews_primary_category":[],"footnotes":"","jetpack_publicize_message":"","jetpack_publicize_feature_enabled":true,"jetpack_social_post_already_shared":true,"jetpack_social_options":{"image_generator_settings":{"template":"highway","default_image_id":0,"font":"","enabled":false},"version":2}},"categories":[41],"tags":[],"class_list":{"0":"post-1000012196","1":"post","2":"type-post","3":"status-publish","4":"format-standard","5":"has-post-thumbnail","7":"category-mundo"},"jetpack_publicize_connections":[],"jetpack_featured_media_url":"https:\/\/i0.wp.com\/gazzettinoitalianopatagonico.com\/wp-content\/uploads\/2025\/02\/Herbert-Kickl-1024x758-1.jpg?fit=1024%2C758&ssl=1","jetpack_likes_enabled":true,"jetpack_sharing_enabled":true,"_links":{"self":[{"href":"https:\/\/gazzettinoitalianopatagonico.com\/index.php?rest_route=\/wp\/v2\/posts\/1000012196","targetHints":{"allow":["GET"]}}],"collection":[{"href":"https:\/\/gazzettinoitalianopatagonico.com\/index.php?rest_route=\/wp\/v2\/posts"}],"about":[{"href":"https:\/\/gazzettinoitalianopatagonico.com\/index.php?rest_route=\/wp\/v2\/types\/post"}],"author":[{"embeddable":true,"href":"https:\/\/gazzettinoitalianopatagonico.com\/index.php?rest_route=\/wp\/v2\/users\/1"}],"replies":[{"embeddable":true,"href":"https:\/\/gazzettinoitalianopatagonico.com\/index.php?rest_route=%2Fwp%2Fv2%2Fcomments&post=1000012196"}],"version-history":[{"count":1,"href":"https:\/\/gazzettinoitalianopatagonico.com\/index.php?rest_route=\/wp\/v2\/posts\/1000012196\/revisions"}],"predecessor-version":[{"id":1000012198,"href":"https:\/\/gazzettinoitalianopatagonico.com\/index.php?rest_route=\/wp\/v2\/posts\/1000012196\/revisions\/1000012198"}],"wp:featuredmedia":[{"embeddable":true,"href":"https:\/\/gazzettinoitalianopatagonico.com\/index.php?rest_route=\/wp\/v2\/media\/1000012197"}],"wp:attachment":[{"href":"https:\/\/gazzettinoitalianopatagonico.com\/index.php?rest_route=%2Fwp%2Fv2%2Fmedia&parent=1000012196"}],"wp:term":[{"taxonomy":"category","embeddable":true,"href":"https:\/\/gazzettinoitalianopatagonico.com\/index.php?rest_route=%2Fwp%2Fv2%2Fcategories&post=1000012196"},{"taxonomy":"post_tag","embeddable":true,"href":"https:\/\/gazzettinoitalianopatagonico.com\/index.php?rest_route=%2Fwp%2Fv2%2Ftags&post=1000012196"}],"curies":[{"name":"wp","href":"https:\/\/api.w.org\/{rel}","templated":true}]}}