{"id":1000012193,"date":"2025-02-14T09:52:27","date_gmt":"2025-02-14T12:52:27","guid":{"rendered":"https:\/\/gazzettinoitalianopatagonico.com\/?p=1000012193"},"modified":"2025-02-14T09:52:29","modified_gmt":"2025-02-14T12:52:29","slug":"il-ministro-della-difesa-americano-la-sicurezza-delleuropa-non-e-piu-una-nostra-priorita","status":"publish","type":"post","link":"https:\/\/gazzettinoitalianopatagonico.com\/?p=1000012193","title":{"rendered":"Il Ministro della Difesa americano: \u00abLa sicurezza dell&#8217;Europa non \u00e8 pi\u00f9 una nostra priorit\u00e0\u00bb"},"content":{"rendered":"\n<p>La sicurezza dell&#8217;Europa non \u00e8 pi\u00f9 una priorit\u00e0 del governo americano, ha detto il neo-nominato segretario alla Difesa di Trump Pete Hegseth ha detto ai ministri della Difesa \u00aballeati\u00bb durante un incontro a Bruxelles. Hegseth \u00e8 al suo primo viaggio internazionale. Un inizio promettente. Hegseth ha affermato che l&#8217;Europa deve fornire \u00abla quota schiacciante\u00bb dei futuri aiuti militari a Kiev e mettersi l&#8217;anima in pace: \u00ab<strong>ripristinare i confini dell&#8217;Ucraina precedenti al 2014 non \u00e8 un obiettivo realistico<\/strong>\u00ab. Il capo del Pentagono ha affermato di essere \u00abqui oggi per esprimere direttamente e inequivocabilmente che le dure realt\u00e0 strategiche impediscono agli Stati Uniti d&#8217;America di concentrarsi principalmente sulla sicurezza dell&#8217;Europa\u00bb, ma \u2013 scrive il Guardian \u2013 le sue dichiarazioni sono notevolmente attenuate rispetto a una bozza presentata in anticipo alla stampa. Hegseth chiede una \u00abvalutazione realistica del campo di battaglia. Vogliamo un&#8217;Ucraina sovrana e prospera. Ma dobbiamo iniziare riconoscendo che il ritorno ai confini ucraini precedenti al 2014 \u00e8 un obiettivo irrealistico. Perseguire questo obiettivo illusorio non far\u00e0 altro che prolungare la guerra e causare pi\u00f9 sofferenze\u00bb.<\/p>\n\n\n\n<p>Maria Caso<\/p>\n","protected":false},"excerpt":{"rendered":"<p>La sicurezza dell&#8217;Europa non \u00e8 pi\u00f9 una priorit\u00e0 del governo americano, ha detto il neo-nominato segretario alla Difesa di Trump Pete Hegseth ha detto ai ministri della Difesa \u00aballeati\u00bb durante un incontro a Bruxelles. Hegseth \u00e8 al suo primo viaggio internazionale. Un inizio promettente. Hegseth ha affermato che l&#8217;Europa deve fornire \u00abla quota schiacciante\u00bb dei [&hellip;]<\/p>\n","protected":false},"author":1,"featured_media":1000012194,"comment_status":"closed","ping_status":"closed","sticky":false,"template":"","format":"standard","meta":{"content-type":"","_jetpack_memberships_contains_paid_content":false,"jnews-multi-image_gallery":[],"jnews_single_post":{"format":"standard"},"jnews_primary_category":[],"footnotes":"","jetpack_publicize_message":"","jetpack_publicize_feature_enabled":true,"jetpack_social_post_already_shared":true,"jetpack_social_options":{"image_generator_settings":{"template":"highway","default_image_id":0,"font":"","enabled":false},"version":2}},"categories":[41],"tags":[],"class_list":{"0":"post-1000012193","1":"post","2":"type-post","3":"status-publish","4":"format-standard","5":"has-post-thumbnail","7":"category-mundo"},"jetpack_publicize_connections":[],"jetpack_featured_media_url":"https:\/\/i0.wp.com\/gazzettinoitalianopatagonico.com\/wp-content\/uploads\/2025\/02\/Hegseth-scaled-e1739375395784-1024x743-1.jpg?fit=1024%2C743&ssl=1","jetpack_likes_enabled":true,"jetpack_sharing_enabled":true,"_links":{"self":[{"href":"https:\/\/gazzettinoitalianopatagonico.com\/index.php?rest_route=\/wp\/v2\/posts\/1000012193","targetHints":{"allow":["GET"]}}],"collection":[{"href":"https:\/\/gazzettinoitalianopatagonico.com\/index.php?rest_route=\/wp\/v2\/posts"}],"about":[{"href":"https:\/\/gazzettinoitalianopatagonico.com\/index.php?rest_route=\/wp\/v2\/types\/post"}],"author":[{"embeddable":true,"href":"https:\/\/gazzettinoitalianopatagonico.com\/index.php?rest_route=\/wp\/v2\/users\/1"}],"replies":[{"embeddable":true,"href":"https:\/\/gazzettinoitalianopatagonico.com\/index.php?rest_route=%2Fwp%2Fv2%2Fcomments&post=1000012193"}],"version-history":[{"count":1,"href":"https:\/\/gazzettinoitalianopatagonico.com\/index.php?rest_route=\/wp\/v2\/posts\/1000012193\/revisions"}],"predecessor-version":[{"id":1000012195,"href":"https:\/\/gazzettinoitalianopatagonico.com\/index.php?rest_route=\/wp\/v2\/posts\/1000012193\/revisions\/1000012195"}],"wp:featuredmedia":[{"embeddable":true,"href":"https:\/\/gazzettinoitalianopatagonico.com\/index.php?rest_route=\/wp\/v2\/media\/1000012194"}],"wp:attachment":[{"href":"https:\/\/gazzettinoitalianopatagonico.com\/index.php?rest_route=%2Fwp%2Fv2%2Fmedia&parent=1000012193"}],"wp:term":[{"taxonomy":"category","embeddable":true,"href":"https:\/\/gazzettinoitalianopatagonico.com\/index.php?rest_route=%2Fwp%2Fv2%2Fcategories&post=1000012193"},{"taxonomy":"post_tag","embeddable":true,"href":"https:\/\/gazzettinoitalianopatagonico.com\/index.php?rest_route=%2Fwp%2Fv2%2Ftags&post=1000012193"}],"curies":[{"name":"wp","href":"https:\/\/api.w.org\/{rel}","templated":true}]}}