{"id":1000012034,"date":"2025-02-10T11:01:26","date_gmt":"2025-02-10T14:01:26","guid":{"rendered":"https:\/\/gazzettinoitalianopatagonico.com\/?p=1000012034"},"modified":"2025-02-10T11:01:28","modified_gmt":"2025-02-10T14:01:28","slug":"trump-hablo-con-putin-segun-revelo-el-propio-presidente-estadounidense","status":"publish","type":"post","link":"https:\/\/gazzettinoitalianopatagonico.com\/?p=1000012034","title":{"rendered":"Trump habl\u00f3 con Putin, seg\u00fan revel\u00f3 el propio presidente estadounidense"},"content":{"rendered":"\n<p>Donald Trump habl\u00f3 por tel\u00e9fono con el l\u00edder ruso, Vladimir Putin, para intentar negociar el fin de la guerra en Ucrania, dijo el presidente de estados unidos al peri\u00f3dico New York Post en una entrevista exclusiva a bordo del avi\u00f3n Air Force One el viernes. \u00abSer\u00e1 mejor que no diga eso\u00bb, respondi\u00f3 Trump cuando se le pregunt\u00f3 cu\u00e1ntas veces hab\u00edan hablado los dos l\u00edderes. Pero el presidente estadounidense cree que a Putin \u00able importan\u00bb las muertes en el campo de batalla. \u00abQuiere que la gente deje de morir\u00bb, a\u00f1adi\u00f3. \u00abToda esa gente muerta. Gente joven, joven y bella. Son como sus hijos, dos millones de ellos, y sin ning\u00fan motivo\u00bb, acot\u00f3 Trump, y agreg\u00f3 que la guerra \u00abnunca habr\u00eda sucedido\u00bb si \u00e9l hubiera sido presidente en 2022. \u00abSiempre he tenido una buena relaci\u00f3n con Putin\u00bb, subray\u00f3 despu\u00e9s, marcando diferencias con su predecesor: Joe \u00abBiden fue una verg\u00fcenza para nuestra naci\u00f3n. Una completa verg\u00fcenza\u00bb. Trump luego dijo que ten\u00eda un plan concreto para poner fin a la guerra. \u00abEspero que sea r\u00e1pido. Cada d\u00eda muere gente. Esta guerra es muy mala en Ucrania. Quiero ponerle fin a esta maldita cosa\u00bb, insisti\u00f3. Dirigi\u00e9ndose al asesor de seguridad nacional, Mike Waltz, quien lo acompa\u00f1\u00f3 en su oficina a bordo del Air Force One, el presidente dijo: \u00abComencemos estas reuniones. Ellos quieren encontrarse. La gente muere todos los d\u00edas. Guapos j\u00f3venes soldados son asesinados. J\u00f3venes, como mis hijos. En ambos lados, en todo el campo de batalla\u00bb. En tanto, el portavoz del Kremlin, Dmitry Peskov, dijo que no pod\u00eda confirmar ni negar una llamada telef\u00f3nica entre el presidente ruso y el estadounidense. Entre Estados Unidos y Rusia, dijo Peskov al peri\u00f3dico oficialista Izvestia, \u00abhay comunicaciones a trav\u00e9s de diferentes canales y, en vista de la multiplicidad de estas comunicaciones, personalmente puedo no estar al tanto de algo\u00bb.<\/p>\n","protected":false},"excerpt":{"rendered":"<p>Donald Trump habl\u00f3 por tel\u00e9fono con el l\u00edder ruso, Vladimir Putin, para intentar negociar el fin de la guerra en Ucrania, dijo el presidente de estados unidos al peri\u00f3dico New York Post en una entrevista exclusiva a bordo del avi\u00f3n Air Force One el viernes. \u00abSer\u00e1 mejor que no diga eso\u00bb, respondi\u00f3 Trump cuando se [&hellip;]<\/p>\n","protected":false},"author":1,"featured_media":1000012035,"comment_status":"closed","ping_status":"closed","sticky":false,"template":"","format":"standard","meta":{"content-type":"","_jetpack_memberships_contains_paid_content":false,"jnews-multi-image_gallery":[],"jnews_single_post":{"format":"standard"},"jnews_primary_category":[],"footnotes":"","jetpack_publicize_message":"","jetpack_publicize_feature_enabled":true,"jetpack_social_post_already_shared":true,"jetpack_social_options":{"image_generator_settings":{"template":"highway","default_image_id":0,"font":"","enabled":false},"version":2}},"categories":[41],"tags":[167],"class_list":{"0":"post-1000012034","1":"post","2":"type-post","3":"status-publish","4":"format-standard","5":"has-post-thumbnail","7":"category-mundo","8":"tag-mundo"},"jetpack_publicize_connections":[],"jetpack_featured_media_url":"https:\/\/i0.wp.com\/gazzettinoitalianopatagonico.com\/wp-content\/uploads\/2025\/02\/klkj.png?fit=696%2C348&ssl=1","jetpack_likes_enabled":true,"jetpack_sharing_enabled":true,"_links":{"self":[{"href":"https:\/\/gazzettinoitalianopatagonico.com\/index.php?rest_route=\/wp\/v2\/posts\/1000012034","targetHints":{"allow":["GET"]}}],"collection":[{"href":"https:\/\/gazzettinoitalianopatagonico.com\/index.php?rest_route=\/wp\/v2\/posts"}],"about":[{"href":"https:\/\/gazzettinoitalianopatagonico.com\/index.php?rest_route=\/wp\/v2\/types\/post"}],"author":[{"embeddable":true,"href":"https:\/\/gazzettinoitalianopatagonico.com\/index.php?rest_route=\/wp\/v2\/users\/1"}],"replies":[{"embeddable":true,"href":"https:\/\/gazzettinoitalianopatagonico.com\/index.php?rest_route=%2Fwp%2Fv2%2Fcomments&post=1000012034"}],"version-history":[{"count":1,"href":"https:\/\/gazzettinoitalianopatagonico.com\/index.php?rest_route=\/wp\/v2\/posts\/1000012034\/revisions"}],"predecessor-version":[{"id":1000012036,"href":"https:\/\/gazzettinoitalianopatagonico.com\/index.php?rest_route=\/wp\/v2\/posts\/1000012034\/revisions\/1000012036"}],"wp:featuredmedia":[{"embeddable":true,"href":"https:\/\/gazzettinoitalianopatagonico.com\/index.php?rest_route=\/wp\/v2\/media\/1000012035"}],"wp:attachment":[{"href":"https:\/\/gazzettinoitalianopatagonico.com\/index.php?rest_route=%2Fwp%2Fv2%2Fmedia&parent=1000012034"}],"wp:term":[{"taxonomy":"category","embeddable":true,"href":"https:\/\/gazzettinoitalianopatagonico.com\/index.php?rest_route=%2Fwp%2Fv2%2Fcategories&post=1000012034"},{"taxonomy":"post_tag","embeddable":true,"href":"https:\/\/gazzettinoitalianopatagonico.com\/index.php?rest_route=%2Fwp%2Fv2%2Ftags&post=1000012034"}],"curies":[{"name":"wp","href":"https:\/\/api.w.org\/{rel}","templated":true}]}}