{"id":1000012024,"date":"2025-02-10T10:55:48","date_gmt":"2025-02-10T13:55:48","guid":{"rendered":"https:\/\/gazzettinoitalianopatagonico.com\/?p=1000012024"},"modified":"2025-02-10T10:55:50","modified_gmt":"2025-02-10T13:55:50","slug":"ecuador-elezioni-presidenziali-noboa-e-gonzalez-al-ballottaggio-il-13-aprile","status":"publish","type":"post","link":"https:\/\/gazzettinoitalianopatagonico.com\/?p=1000012024","title":{"rendered":"Ecuador, elezioni presidenziali: Noboa e Gonzalez al ballottaggio il 13 aprile"},"content":{"rendered":"\n<p>Le elezioni presidenziali in Ecuador si decideranno al ballottaggio domenica 13 aprile, quando si sfideranno nuovamente il presidente in carica e candidato alla rielezione, Daniel Noboa, e la candidata dell&#8217;opposizione, Luisa Gonz\u00e1lez, che partecip\u00f2 gi\u00e0 al ballottaggio delle elezioni straordinarie del 2023. Nel primo turno di ieri , Noboa e Gonz\u00e1lez hanno concentrato l&#8217;88,27% dei voti validi, il che conferma l&#8217;alta polarizzazione nel Paese fin dalla campagna elettorale, che ha sempre ruotato attorno ai due nonostante la presenza di altri 14 candidati. Con l&#8217;83,75% dei voti scrutinati, Noboa ha il 44,63% e Gonz\u00e1lez il 43,81%.<\/p>\n","protected":false},"excerpt":{"rendered":"<p>Le elezioni presidenziali in Ecuador si decideranno al ballottaggio domenica 13 aprile, quando si sfideranno nuovamente il presidente in carica e candidato alla rielezione, Daniel Noboa, e la candidata dell&#8217;opposizione, Luisa Gonz\u00e1lez, che partecip\u00f2 gi\u00e0 al ballottaggio delle elezioni straordinarie del 2023. Nel primo turno di ieri , Noboa e Gonz\u00e1lez hanno concentrato l&#8217;88,27% dei [&hellip;]<\/p>\n","protected":false},"author":1,"featured_media":1000012025,"comment_status":"closed","ping_status":"closed","sticky":false,"template":"","format":"standard","meta":{"content-type":"","_jetpack_memberships_contains_paid_content":false,"jnews-multi-image_gallery":[],"jnews_single_post":{"format":"standard"},"jnews_primary_category":[],"footnotes":"","jetpack_publicize_message":"","jetpack_publicize_feature_enabled":true,"jetpack_social_post_already_shared":true,"jetpack_social_options":{"image_generator_settings":{"template":"highway","default_image_id":0,"font":"","enabled":false},"version":2}},"categories":[41],"tags":[653],"class_list":{"0":"post-1000012024","1":"post","2":"type-post","3":"status-publish","4":"format-standard","5":"has-post-thumbnail","7":"category-mundo","8":"tag-ecuador"},"jetpack_publicize_connections":[],"jetpack_featured_media_url":"https:\/\/i0.wp.com\/gazzettinoitalianopatagonico.com\/wp-content\/uploads\/2025\/02\/hg.png?fit=686%2C386&ssl=1","jetpack_likes_enabled":true,"jetpack_sharing_enabled":true,"_links":{"self":[{"href":"https:\/\/gazzettinoitalianopatagonico.com\/index.php?rest_route=\/wp\/v2\/posts\/1000012024","targetHints":{"allow":["GET"]}}],"collection":[{"href":"https:\/\/gazzettinoitalianopatagonico.com\/index.php?rest_route=\/wp\/v2\/posts"}],"about":[{"href":"https:\/\/gazzettinoitalianopatagonico.com\/index.php?rest_route=\/wp\/v2\/types\/post"}],"author":[{"embeddable":true,"href":"https:\/\/gazzettinoitalianopatagonico.com\/index.php?rest_route=\/wp\/v2\/users\/1"}],"replies":[{"embeddable":true,"href":"https:\/\/gazzettinoitalianopatagonico.com\/index.php?rest_route=%2Fwp%2Fv2%2Fcomments&post=1000012024"}],"version-history":[{"count":1,"href":"https:\/\/gazzettinoitalianopatagonico.com\/index.php?rest_route=\/wp\/v2\/posts\/1000012024\/revisions"}],"predecessor-version":[{"id":1000012026,"href":"https:\/\/gazzettinoitalianopatagonico.com\/index.php?rest_route=\/wp\/v2\/posts\/1000012024\/revisions\/1000012026"}],"wp:featuredmedia":[{"embeddable":true,"href":"https:\/\/gazzettinoitalianopatagonico.com\/index.php?rest_route=\/wp\/v2\/media\/1000012025"}],"wp:attachment":[{"href":"https:\/\/gazzettinoitalianopatagonico.com\/index.php?rest_route=%2Fwp%2Fv2%2Fmedia&parent=1000012024"}],"wp:term":[{"taxonomy":"category","embeddable":true,"href":"https:\/\/gazzettinoitalianopatagonico.com\/index.php?rest_route=%2Fwp%2Fv2%2Fcategories&post=1000012024"},{"taxonomy":"post_tag","embeddable":true,"href":"https:\/\/gazzettinoitalianopatagonico.com\/index.php?rest_route=%2Fwp%2Fv2%2Ftags&post=1000012024"}],"curies":[{"name":"wp","href":"https:\/\/api.w.org\/{rel}","templated":true}]}}