{"id":1000012021,"date":"2025-02-10T10:54:56","date_gmt":"2025-02-10T13:54:56","guid":{"rendered":"https:\/\/gazzettinoitalianopatagonico.com\/?p=1000012021"},"modified":"2025-02-10T10:54:58","modified_gmt":"2025-02-10T13:54:58","slug":"mujeres-mapuches-y-un-telar-de-un-kilometro","status":"publish","type":"post","link":"https:\/\/gazzettinoitalianopatagonico.com\/?p=1000012021","title":{"rendered":"Mujeres mapuches y un telar de un kil\u00f3metro"},"content":{"rendered":"\n<p>Mujeres mapuches comenzaron a tejer en Chile un telar masivo de un kil\u00f3metro del largo con el cual intentan alcanzar un r\u00e9cord mundial, el primero de un pueblo ind\u00edgena en el hemisferio sur. Como a\u00fan es arriesgado realizar un evento masivo por la pandemia, las artesanas adoptaron una modalidad que les permitir\u00e1 tejer desde sus casas y reunir sus piezas el 8 de abril de 2022, momento en que se completar\u00e1 un tejido continuo de 1 kil\u00f3metro de largo que ser\u00e1 certificado como r\u00e9cord mundial. Para la ceremonia inaugural a los pies del cerro \u00d1ielol en Temuco, 670 kil\u00f3metros al sur de Santiago, participaron una veintena de las 500 mujeres que intervendr\u00e1n en la iniciativa. \u00abA trav\u00e9s del arte se construyen di\u00e1logos, como dice el eslogan de nuestro proyecto: Tejiendo memoria, creando hitos que trascienden, buscamos crear un puente, dado que nosotros como mapuche conocemos las necesidades que tiene el territorio, y por eso estamos relevando esta oportunidad de construir juntos, ac\u00e1 no segregamos a los colonos, a los no mapuche, todos est\u00e1n tejiendo junto a nosotros y tambi\u00e9n invitamos a la empresa privada y al Gobierno para que se sumen a esta iniciativa. Somos una oportunidad importante en el dialogo\u00bb, afirm\u00f3 Ariel Traipi Huilipan, Presidente de Fundaci\u00f3n Chilka, organizadora de la actividad. \u00abDesde el Gobierno Regional es muy importante apoyar este tipo de eventos que demuestran nuestra riqueza multicultural, con este tremendo trabajo que est\u00e1n realizando las tejedoras mapuche y no mapuche, donde se han sumado universidades y empresas. Eso es lo que queremos para nuestra Araucan\u00eda, mostrar el trabajo conjunto y el di\u00e1logo\u00bb, se\u00f1al\u00f3 Luciano Rivas, gobernador regional de La Araucan\u00eda. \u00abEstos son espacios donde se puede mostrar nuestra cultura, en este caso el ng\u00fcren (tejido), pero todos los espacios que se abren, donde se pueda dar a conocer nuestra m\u00fasica, nuestras danzas, es importante, para que la gente conozca nuestra forma de hacer arte\u00bb, se\u00f1al\u00f3 Dionisio Prado Huaiquil, Presidente de la Uni\u00f3n Comunal de Comunidades Mapuche de Collipulli. Patricia Lip\u00edn Huenchuqu\u00e9n, tejedora de la comunidad Llangui, en Saavedra, y coordinadora de la zona lafkenche, invit\u00f3 a los no mapuche \u00aba conocer nuestra cultura, en este caso nuestro ng\u00fcren (tejido), tambi\u00e9n nuestro hablar, el mapuzugun, que por lo menos lo entiendan, porque nuestra cultura es bonita. Lo que hacemos hoy es maravilloso, nos estamos dando a conocer a trav\u00e9s de un tejido, de lo que nos ense\u00f1aron, nuestra sabidur\u00eda, no hay nada malo ac\u00e1, todo es alegr\u00eda, colores, el arco iris (relmu) que formamos en el telar de colores, porque estamos vivos, estamos presentes\u00bb, agreg\u00f3 Enzo Cortesi, Seremi de las Culturas en La Araucan\u00eda, subray\u00f3 la importancia para el Ministerio de las Culturas \u00abincluir a todas las culturas que conviven en nuestro territorio y apoyar este tipo de iniciativas que relevan la tradici\u00f3n, el sentido de identidad, y que por supuesto nos unen en la diversidad. Yo creo que el futuro de la Regi\u00f3n de La Araucan\u00eda y del pa\u00eds est\u00e1 en su cultura y en que nos miremos a los ojos, para que entre todos construyamos una sociedad mejor. Este tejido, eso representa\u00bb, indic\u00f3.<\/p>\n\n\n\n<p>Margarita Bastias<\/p>\n","protected":false},"excerpt":{"rendered":"<p>Mujeres mapuches comenzaron a tejer en Chile un telar masivo de un kil\u00f3metro del largo con el cual intentan alcanzar un r\u00e9cord mundial, el primero de un pueblo ind\u00edgena en el hemisferio sur. Como a\u00fan es arriesgado realizar un evento masivo por la pandemia, las artesanas adoptaron una modalidad que les permitir\u00e1 tejer desde sus [&hellip;]<\/p>\n","protected":false},"author":1,"featured_media":1000012022,"comment_status":"closed","ping_status":"closed","sticky":false,"template":"","format":"standard","meta":{"content-type":"","_jetpack_memberships_contains_paid_content":false,"jnews-multi-image_gallery":[],"jnews_single_post":{"format":"standard"},"jnews_primary_category":[],"footnotes":"","jetpack_publicize_message":"","jetpack_publicize_feature_enabled":true,"jetpack_social_post_already_shared":true,"jetpack_social_options":{"image_generator_settings":{"template":"highway","default_image_id":0,"font":"","enabled":false},"version":2}},"categories":[270],"tags":[],"class_list":{"0":"post-1000012021","1":"post","2":"type-post","3":"status-publish","4":"format-standard","5":"has-post-thumbnail","7":"category-america-latina"},"jetpack_publicize_connections":[],"jetpack_featured_media_url":"https:\/\/i0.wp.com\/gazzettinoitalianopatagonico.com\/wp-content\/uploads\/2025\/02\/UYY.png?fit=544%2C359&ssl=1","jetpack_likes_enabled":true,"jetpack_sharing_enabled":true,"_links":{"self":[{"href":"https:\/\/gazzettinoitalianopatagonico.com\/index.php?rest_route=\/wp\/v2\/posts\/1000012021","targetHints":{"allow":["GET"]}}],"collection":[{"href":"https:\/\/gazzettinoitalianopatagonico.com\/index.php?rest_route=\/wp\/v2\/posts"}],"about":[{"href":"https:\/\/gazzettinoitalianopatagonico.com\/index.php?rest_route=\/wp\/v2\/types\/post"}],"author":[{"embeddable":true,"href":"https:\/\/gazzettinoitalianopatagonico.com\/index.php?rest_route=\/wp\/v2\/users\/1"}],"replies":[{"embeddable":true,"href":"https:\/\/gazzettinoitalianopatagonico.com\/index.php?rest_route=%2Fwp%2Fv2%2Fcomments&post=1000012021"}],"version-history":[{"count":1,"href":"https:\/\/gazzettinoitalianopatagonico.com\/index.php?rest_route=\/wp\/v2\/posts\/1000012021\/revisions"}],"predecessor-version":[{"id":1000012023,"href":"https:\/\/gazzettinoitalianopatagonico.com\/index.php?rest_route=\/wp\/v2\/posts\/1000012021\/revisions\/1000012023"}],"wp:featuredmedia":[{"embeddable":true,"href":"https:\/\/gazzettinoitalianopatagonico.com\/index.php?rest_route=\/wp\/v2\/media\/1000012022"}],"wp:attachment":[{"href":"https:\/\/gazzettinoitalianopatagonico.com\/index.php?rest_route=%2Fwp%2Fv2%2Fmedia&parent=1000012021"}],"wp:term":[{"taxonomy":"category","embeddable":true,"href":"https:\/\/gazzettinoitalianopatagonico.com\/index.php?rest_route=%2Fwp%2Fv2%2Fcategories&post=1000012021"},{"taxonomy":"post_tag","embeddable":true,"href":"https:\/\/gazzettinoitalianopatagonico.com\/index.php?rest_route=%2Fwp%2Fv2%2Ftags&post=1000012021"}],"curies":[{"name":"wp","href":"https:\/\/api.w.org\/{rel}","templated":true}]}}