{"id":1000011664,"date":"2025-02-03T11:51:46","date_gmt":"2025-02-03T14:51:46","guid":{"rendered":"https:\/\/gazzettinoitalianopatagonico.com\/?p=1000011664"},"modified":"2025-02-03T11:51:48","modified_gmt":"2025-02-03T14:51:48","slug":"netanyahu-verso-gli-stati-uniti-con-trump-cambieremo-il-medio-oriente","status":"publish","type":"post","link":"https:\/\/gazzettinoitalianopatagonico.com\/?p=1000011664","title":{"rendered":"Netanyahu verso gli Stati Uniti: \u00abCon Trump cambieremo il Medio Oriente\u00bb"},"content":{"rendered":"\n<p>\u00abMi sto recando a Washington per un incontro molto importante con il presidente Trump\u00bb. Cos\u00ec il premier israeliano, Benjamin Netanyahu, prima di salire sul volo che lo porter\u00e0 negli Stati Uniti. Un incontro, definito \u00abstorico\u00bb dallo stesso primo ministro, in calendario marted\u00ec, e che \u2013 ha ribadito Netanyahu \u2013 dimostra lo stretto legame tra Usa e Israele. Il colloquio sar\u00e0 incentrato sulle \u00abquestioni critiche che abbiamo di fronte: la sconfitta di Hamas, il ritorno di tutti i nostri ostaggi e il confronto con l&#8217;asse iraniano in tutte le sue orme, un asse che minaccia non solo la sicurezza di Israele, ma anche il Medio Oriente e il mondo intero\u00bb. Netanyahu sar\u00e0 il primo leader straniero ad essere ricevuto dal presidente degli Stati Uniti, Donald Trump, dopo il suo ritorno alla Casa Bianca. Si lavora tanto per l&#8217;inizio della seconda fase dell&#8217;accordo di cessate il fuoco, sul quale c&#8217;\u00e8 incertezza. Chiara per\u00f2 \u00e8 la posizione di Egitto, Giordania, Arabia Saudita, Qatar, Emirati Arabi Uniti, Autorit\u00e0 Nazionale Palestinese e Lega Araba che hanno respinto l&#8217;idea di sfollare con forza i palestinesi dal loro territorio, come suggerito dal presidente degli Stati Uniti Donald Trump. La mossa, fanno sapere in una dichiarazione congiunta, minaccerebbe la stabilit\u00e0 nella regione, diffonderebbe il conflitto e comprometterebbe le prospettive di una pace duratura in Medio Oriente. Le forze armate israeliane hanno annunciato di aver condotto nelle ultime ore tre attacchi aerei in Cisgiordania contro numerosi terroristi. Intanto il ministero della Sanit\u00e0 dell&#8217;Autorit\u00e0 Palestinese ha confermato la morte di due persone nell&#8217;attacco di un drone dell&#8217;Idf a Jenin e di altri due morti in un attacco di un drone a Qabatiya.<\/p>\n\n\n\n<p>Benedetta Capelli<\/p>\n","protected":false},"excerpt":{"rendered":"<p>\u00abMi sto recando a Washington per un incontro molto importante con il presidente Trump\u00bb. Cos\u00ec il premier israeliano, Benjamin Netanyahu, prima di salire sul volo che lo porter\u00e0 negli Stati Uniti. Un incontro, definito \u00abstorico\u00bb dallo stesso primo ministro, in calendario marted\u00ec, e che \u2013 ha ribadito Netanyahu \u2013 dimostra lo stretto legame tra Usa [&hellip;]<\/p>\n","protected":false},"author":1,"featured_media":1000011665,"comment_status":"closed","ping_status":"closed","sticky":false,"template":"","format":"standard","meta":{"content-type":"","_jetpack_memberships_contains_paid_content":false,"jnews-multi-image_gallery":[],"jnews_single_post":{"format":"standard"},"jnews_primary_category":[],"footnotes":"","jetpack_publicize_message":"","jetpack_publicize_feature_enabled":true,"jetpack_social_post_already_shared":true,"jetpack_social_options":{"image_generator_settings":{"template":"highway","default_image_id":0,"font":"","enabled":false},"version":2}},"categories":[41],"tags":[167],"class_list":{"0":"post-1000011664","1":"post","2":"type-post","3":"status-publish","4":"format-standard","5":"has-post-thumbnail","7":"category-mundo","8":"tag-mundo"},"jetpack_publicize_connections":[],"jetpack_featured_media_url":"https:\/\/i0.wp.com\/gazzettinoitalianopatagonico.com\/wp-content\/uploads\/2025\/02\/cq5dam.thumbnail.cropped.750.422-2-1.jpeg?fit=750%2C422&ssl=1","jetpack_likes_enabled":true,"jetpack_sharing_enabled":true,"_links":{"self":[{"href":"https:\/\/gazzettinoitalianopatagonico.com\/index.php?rest_route=\/wp\/v2\/posts\/1000011664","targetHints":{"allow":["GET"]}}],"collection":[{"href":"https:\/\/gazzettinoitalianopatagonico.com\/index.php?rest_route=\/wp\/v2\/posts"}],"about":[{"href":"https:\/\/gazzettinoitalianopatagonico.com\/index.php?rest_route=\/wp\/v2\/types\/post"}],"author":[{"embeddable":true,"href":"https:\/\/gazzettinoitalianopatagonico.com\/index.php?rest_route=\/wp\/v2\/users\/1"}],"replies":[{"embeddable":true,"href":"https:\/\/gazzettinoitalianopatagonico.com\/index.php?rest_route=%2Fwp%2Fv2%2Fcomments&post=1000011664"}],"version-history":[{"count":1,"href":"https:\/\/gazzettinoitalianopatagonico.com\/index.php?rest_route=\/wp\/v2\/posts\/1000011664\/revisions"}],"predecessor-version":[{"id":1000011666,"href":"https:\/\/gazzettinoitalianopatagonico.com\/index.php?rest_route=\/wp\/v2\/posts\/1000011664\/revisions\/1000011666"}],"wp:featuredmedia":[{"embeddable":true,"href":"https:\/\/gazzettinoitalianopatagonico.com\/index.php?rest_route=\/wp\/v2\/media\/1000011665"}],"wp:attachment":[{"href":"https:\/\/gazzettinoitalianopatagonico.com\/index.php?rest_route=%2Fwp%2Fv2%2Fmedia&parent=1000011664"}],"wp:term":[{"taxonomy":"category","embeddable":true,"href":"https:\/\/gazzettinoitalianopatagonico.com\/index.php?rest_route=%2Fwp%2Fv2%2Fcategories&post=1000011664"},{"taxonomy":"post_tag","embeddable":true,"href":"https:\/\/gazzettinoitalianopatagonico.com\/index.php?rest_route=%2Fwp%2Fv2%2Ftags&post=1000011664"}],"curies":[{"name":"wp","href":"https:\/\/api.w.org\/{rel}","templated":true}]}}