{"id":1000011643,"date":"2025-02-01T12:56:39","date_gmt":"2025-02-01T15:56:39","guid":{"rendered":"https:\/\/gazzettinoitalianopatagonico.com\/?p=1000011643"},"modified":"2025-02-01T12:56:41","modified_gmt":"2025-02-01T15:56:41","slug":"il-black-hawk-volava-fuori-rotta-era-troppo-alto-cosa-sappiamo-del-disastro-aereo-su-washington","status":"publish","type":"post","link":"https:\/\/gazzettinoitalianopatagonico.com\/?p=1000011643","title":{"rendered":"Il Black Hawk volava fuori rotta, era troppo alto: cosa sappiamo del disastro aereo su Washington"},"content":{"rendered":"\n<p>\u00abPAT25, hai un CRJ in vista? PAT25, passa dietro il CRJ\u00bb. Il controllore del traffico aereo parla alle 20:47, un attimo primo dello scontro fatale tra l&#8217;aereo American Airlines con 64 persone a bordo e l&#8217;elicottero militare. Dall&#8217;elicottero non rispondono. Pochi secondi dopo, un altro aereo chiama il controllo: \u00abTorre, hai visto?\u00bb. La palla di fuoco, e poi il gelo del fiume. E&#8217; gi\u00e0 tutto finito. Non ci saranno sopravvissuti: 67 vittime. Le autorit\u00e0 americane hanno recuperato le scatole nere dall&#8217;aereo dell&#8217;American Airlines precipitato nel fiume Potomac. Il National Transportation Safety Board sta studiando il registratore vocale della cabina di pilotaggio e il registratore dei dati di volo del CRJ700 e dovrebbe fornire un rapporto preliminare entro 30 giorni. Secondo quanto riportato dal New York Times l&#8217;elicottero dell&#8217;esercito potrebbe aver deviato dalla rotta di volo approvata, poco prima della collisione. I dettagli sulla posizione finale del UH-60 Black Hawk indicano che non si trovava sulla rotta approvata dalla torre e che stava volando pi\u00f9 in alto del dovuto mentre attraversava il trafficatissimo spazio aereo sui cieli di Washington. Per Trump la colpa \u00e8&#8230; della diversit\u00e0. Non \u00e8 stato ancora fornito un elenco ufficiale delle vittime, ma familiari e amici li hanno ormai identificati. I piloti del volo commerciale erano Sam Lilley e Jonathan Campos. Il capitano era il trentaquattrenne Campos, Lilley il primo ufficiale. Il padre di Lilley, Timothy, \u00e8 un ex pilota molto esperto e ha prestato servizio come pilota di elicotteri dell&#8217;esercito americano per 20 anni. Dice di aver volato su rotte simili a quella del disastro per tutta la vita. \u00abEro cos\u00ec orgoglioso quando Sam \u00e8 diventato un pilota\u00bb, ha scritto su Facebook. \u00abOra fa cos\u00ec male che non riesco nemmeno a piangere fino ad addormentarmi\u00bb.<\/p>\n\n\n\n<p>Mario Piccirillo<\/p>\n","protected":false},"excerpt":{"rendered":"<p>\u00abPAT25, hai un CRJ in vista? PAT25, passa dietro il CRJ\u00bb. Il controllore del traffico aereo parla alle 20:47, un attimo primo dello scontro fatale tra l&#8217;aereo American Airlines con 64 persone a bordo e l&#8217;elicottero militare. Dall&#8217;elicottero non rispondono. Pochi secondi dopo, un altro aereo chiama il controllo: \u00abTorre, hai visto?\u00bb. La palla di [&hellip;]<\/p>\n","protected":false},"author":1,"featured_media":1000011644,"comment_status":"closed","ping_status":"closed","sticky":false,"template":"","format":"standard","meta":{"content-type":"","_jetpack_memberships_contains_paid_content":false,"jnews-multi-image_gallery":[],"jnews_single_post":{"format":"standard"},"jnews_primary_category":[],"footnotes":"","jetpack_publicize_message":"","jetpack_publicize_feature_enabled":true,"jetpack_social_post_already_shared":true,"jetpack_social_options":{"image_generator_settings":{"template":"highway","default_image_id":0,"font":"","enabled":false},"version":2}},"categories":[41],"tags":[167],"class_list":{"0":"post-1000011643","1":"post","2":"type-post","3":"status-publish","4":"format-standard","5":"has-post-thumbnail","7":"category-mundo","8":"tag-mundo"},"jetpack_publicize_connections":[],"jetpack_featured_media_url":"https:\/\/i0.wp.com\/gazzettinoitalianopatagonico.com\/wp-content\/uploads\/2025\/02\/FOTO-A-2-SITO-2025-01-30T082627.307-1024x576-1.jpg?fit=1024%2C576&ssl=1","jetpack_likes_enabled":true,"jetpack_sharing_enabled":true,"_links":{"self":[{"href":"https:\/\/gazzettinoitalianopatagonico.com\/index.php?rest_route=\/wp\/v2\/posts\/1000011643","targetHints":{"allow":["GET"]}}],"collection":[{"href":"https:\/\/gazzettinoitalianopatagonico.com\/index.php?rest_route=\/wp\/v2\/posts"}],"about":[{"href":"https:\/\/gazzettinoitalianopatagonico.com\/index.php?rest_route=\/wp\/v2\/types\/post"}],"author":[{"embeddable":true,"href":"https:\/\/gazzettinoitalianopatagonico.com\/index.php?rest_route=\/wp\/v2\/users\/1"}],"replies":[{"embeddable":true,"href":"https:\/\/gazzettinoitalianopatagonico.com\/index.php?rest_route=%2Fwp%2Fv2%2Fcomments&post=1000011643"}],"version-history":[{"count":1,"href":"https:\/\/gazzettinoitalianopatagonico.com\/index.php?rest_route=\/wp\/v2\/posts\/1000011643\/revisions"}],"predecessor-version":[{"id":1000011645,"href":"https:\/\/gazzettinoitalianopatagonico.com\/index.php?rest_route=\/wp\/v2\/posts\/1000011643\/revisions\/1000011645"}],"wp:featuredmedia":[{"embeddable":true,"href":"https:\/\/gazzettinoitalianopatagonico.com\/index.php?rest_route=\/wp\/v2\/media\/1000011644"}],"wp:attachment":[{"href":"https:\/\/gazzettinoitalianopatagonico.com\/index.php?rest_route=%2Fwp%2Fv2%2Fmedia&parent=1000011643"}],"wp:term":[{"taxonomy":"category","embeddable":true,"href":"https:\/\/gazzettinoitalianopatagonico.com\/index.php?rest_route=%2Fwp%2Fv2%2Fcategories&post=1000011643"},{"taxonomy":"post_tag","embeddable":true,"href":"https:\/\/gazzettinoitalianopatagonico.com\/index.php?rest_route=%2Fwp%2Fv2%2Ftags&post=1000011643"}],"curies":[{"name":"wp","href":"https:\/\/api.w.org\/{rel}","templated":true}]}}