{"id":1000011428,"date":"2025-01-27T13:27:02","date_gmt":"2025-01-27T16:27:02","guid":{"rendered":"https:\/\/gazzettinoitalianopatagonico.com\/?p=1000011428"},"modified":"2025-01-27T13:27:04","modified_gmt":"2025-01-27T16:27:04","slug":"ex-ilva-zullo-fdi-responsabilita-gestione-mittal-e-anche-del-senatore-turco","status":"publish","type":"post","link":"https:\/\/gazzettinoitalianopatagonico.com\/?p=1000011428","title":{"rendered":"Ex Ilva, Zullo (FdI): responsabilit\u00e0 gestione Mittal \u00e8 anche del senatore Turco"},"content":{"rendered":"\n<p>\u00abLa responsabilit\u00e0 storica e giudiziaria di quanto accaduto con la gestione Mittal dell&#8217;ex Ilva \u00e8 anche del sen. Turco, all&#8217;epoca sottosegretario alla Presidenza del Consiglio con responsabilit\u00e0 proprio in ambito economico. Quest&#8217;ultimo, in accordo con l&#8217;allora ministro Patuanelli, nel 2020 condivise la politica dei patti parasociali leonini che consegnarono alla multinazionale indiana una condizione di privilegio incredibile, in cui Invitalia aveva solo il compito di finanziare la gestione Morselli, senza alcuna capacit\u00e0 di governo e controllo. Comprendiamo che ora stiano cercando di colpire chi sta salvando ci\u00f2 che loro hanno deliberatamente contribuito a distruggere, per incapacit\u00e0 o per interesse\u00bb.<\/p>\n\n\n\n<p>\u00c8 quanto afferma il senatore di Fratelli d&#8217;Italia, Ignazio Zullo, in riferimento alle dichiarazioni del senatore Turco su Ex Ilva.<\/p>\n","protected":false},"excerpt":{"rendered":"<p>\u00abLa responsabilit\u00e0 storica e giudiziaria di quanto accaduto con la gestione Mittal dell&#8217;ex Ilva \u00e8 anche del sen. Turco, all&#8217;epoca sottosegretario alla Presidenza del Consiglio con responsabilit\u00e0 proprio in ambito economico. Quest&#8217;ultimo, in accordo con l&#8217;allora ministro Patuanelli, nel 2020 condivise la politica dei patti parasociali leonini che consegnarono alla multinazionale indiana una condizione di [&hellip;]<\/p>\n","protected":false},"author":1,"featured_media":1000011429,"comment_status":"closed","ping_status":"closed","sticky":false,"template":"","format":"standard","meta":{"content-type":"","_jetpack_memberships_contains_paid_content":false,"jnews-multi-image_gallery":[],"jnews_single_post":{"format":"standard"},"jnews_primary_category":[],"footnotes":"","jetpack_publicize_message":"","jetpack_publicize_feature_enabled":true,"jetpack_social_post_already_shared":true,"jetpack_social_options":{"image_generator_settings":{"template":"highway","default_image_id":0,"font":"","enabled":false},"version":2}},"categories":[46,32],"tags":[],"class_list":{"0":"post-1000011428","1":"post","2":"type-post","3":"status-publish","4":"format-standard","5":"has-post-thumbnail","7":"category-italia","8":"category-politica"},"jetpack_publicize_connections":[],"jetpack_featured_media_url":"https:\/\/i0.wp.com\/gazzettinoitalianopatagonico.com\/wp-content\/uploads\/2025\/01\/hhnn.png?fit=1068%2C712&ssl=1","jetpack_likes_enabled":true,"jetpack_sharing_enabled":true,"_links":{"self":[{"href":"https:\/\/gazzettinoitalianopatagonico.com\/index.php?rest_route=\/wp\/v2\/posts\/1000011428","targetHints":{"allow":["GET"]}}],"collection":[{"href":"https:\/\/gazzettinoitalianopatagonico.com\/index.php?rest_route=\/wp\/v2\/posts"}],"about":[{"href":"https:\/\/gazzettinoitalianopatagonico.com\/index.php?rest_route=\/wp\/v2\/types\/post"}],"author":[{"embeddable":true,"href":"https:\/\/gazzettinoitalianopatagonico.com\/index.php?rest_route=\/wp\/v2\/users\/1"}],"replies":[{"embeddable":true,"href":"https:\/\/gazzettinoitalianopatagonico.com\/index.php?rest_route=%2Fwp%2Fv2%2Fcomments&post=1000011428"}],"version-history":[{"count":1,"href":"https:\/\/gazzettinoitalianopatagonico.com\/index.php?rest_route=\/wp\/v2\/posts\/1000011428\/revisions"}],"predecessor-version":[{"id":1000011430,"href":"https:\/\/gazzettinoitalianopatagonico.com\/index.php?rest_route=\/wp\/v2\/posts\/1000011428\/revisions\/1000011430"}],"wp:featuredmedia":[{"embeddable":true,"href":"https:\/\/gazzettinoitalianopatagonico.com\/index.php?rest_route=\/wp\/v2\/media\/1000011429"}],"wp:attachment":[{"href":"https:\/\/gazzettinoitalianopatagonico.com\/index.php?rest_route=%2Fwp%2Fv2%2Fmedia&parent=1000011428"}],"wp:term":[{"taxonomy":"category","embeddable":true,"href":"https:\/\/gazzettinoitalianopatagonico.com\/index.php?rest_route=%2Fwp%2Fv2%2Fcategories&post=1000011428"},{"taxonomy":"post_tag","embeddable":true,"href":"https:\/\/gazzettinoitalianopatagonico.com\/index.php?rest_route=%2Fwp%2Fv2%2Ftags&post=1000011428"}],"curies":[{"name":"wp","href":"https:\/\/api.w.org\/{rel}","templated":true}]}}