{"id":1000011425,"date":"2025-01-27T13:23:01","date_gmt":"2025-01-27T16:23:01","guid":{"rendered":"https:\/\/gazzettinoitalianopatagonico.com\/?p=1000011425"},"modified":"2025-01-27T13:23:04","modified_gmt":"2025-01-27T16:23:04","slug":"crisi-russia-italia-mosca-roma-non-puo-partecipare-al-processo-di-pace-per-kiev-putin-pronto-a-parlare-con-trump","status":"publish","type":"post","link":"https:\/\/gazzettinoitalianopatagonico.com\/?p=1000011425","title":{"rendered":"Crisi Russia-Italia. Mosca: \u00abRoma non pu\u00f2 partecipare al processo di pace per Kiev\u00bb. Putin pronto a parlare con Trump"},"content":{"rendered":"\n<p>Il ministero degli Esteri di Mosca ha affermato che le relazioni fra Russia e Italia stanno attraversando la crisi pi\u00f9 profonda dalla Seconda guerra mondiale, e Roma ne \u00e8 responsabile. Lo riferisce la Tass. Vista la posizione anti-russa dell&#8217;Italia, aggiunge il ministero, Mosca ritiene che non possa partecipare al processo di pace in Ucraina. Poche ore prima il Cremlino ha nuovamente dichiarato che il presidente russo Vladimir Putin \u00e8 \u00abpronto\u00bb a eventuali colloqui con il presidente americano Donald Trump e che Mosca sta \u00abattendendo segnali\u00bb in tal senso da Washington. Lo riporta la Tass, citando il portavoce di Putin, Dmitri Peskov. \u00abPutin \u00e8 pronto, stiamo aspettando segnali, tutti sono pronti, quindi \u00e8 difficile indovinare le foglie di t\u00e8 qui. Non appena succeder\u00e0 qualcosa, vi informeremo\u00bb, ha detto Peskov secondo l&#8217;agenzia di stampa ufficiale di Mosca. Il conflitto in Ucraina \u00abnon dipende dai prezzi del petrolio\u00bb, ha aggiunto il portavoce, replicando alle dichiarazioni di Trump, secondo il quale se i prezzi del greggio fossero pi\u00f9 bassi, \u00abla guerra tra Russia e Ucraina finirebbe immediatamente\u00bb. \u00abQuesto conflitto avviene a causa della minaccia alla sicurezza nazionale della Federazione Russa, a causa della minaccia ai russi che vivono nei territori conosciuti, e a causa della riluttanza e del completo rifiuto da parte di americani ed europei di ascoltare le preoccupazioni russe\u00bb, ha affermato Peskov, citato dall&#8217;agenzia Interfax.<\/p>\n","protected":false},"excerpt":{"rendered":"<p>Il ministero degli Esteri di Mosca ha affermato che le relazioni fra Russia e Italia stanno attraversando la crisi pi\u00f9 profonda dalla Seconda guerra mondiale, e Roma ne \u00e8 responsabile. Lo riferisce la Tass. Vista la posizione anti-russa dell&#8217;Italia, aggiunge il ministero, Mosca ritiene che non possa partecipare al processo di pace in Ucraina. Poche [&hellip;]<\/p>\n","protected":false},"author":1,"featured_media":1000011426,"comment_status":"closed","ping_status":"closed","sticky":false,"template":"","format":"standard","meta":{"content-type":"","_jetpack_memberships_contains_paid_content":false,"jnews-multi-image_gallery":[],"jnews_single_post":{"format":"standard"},"jnews_primary_category":[],"footnotes":"","jetpack_publicize_message":"","jetpack_publicize_feature_enabled":true,"jetpack_social_post_already_shared":true,"jetpack_social_options":{"image_generator_settings":{"template":"highway","default_image_id":0,"font":"","enabled":false},"version":2}},"categories":[41],"tags":[],"class_list":{"0":"post-1000011425","1":"post","2":"type-post","3":"status-publish","4":"format-standard","5":"has-post-thumbnail","7":"category-mundo"},"jetpack_publicize_connections":[],"jetpack_featured_media_url":"https:\/\/i0.wp.com\/gazzettinoitalianopatagonico.com\/wp-content\/uploads\/2025\/01\/rgn.png?fit=696%2C361&ssl=1","jetpack_likes_enabled":true,"jetpack_sharing_enabled":true,"_links":{"self":[{"href":"https:\/\/gazzettinoitalianopatagonico.com\/index.php?rest_route=\/wp\/v2\/posts\/1000011425","targetHints":{"allow":["GET"]}}],"collection":[{"href":"https:\/\/gazzettinoitalianopatagonico.com\/index.php?rest_route=\/wp\/v2\/posts"}],"about":[{"href":"https:\/\/gazzettinoitalianopatagonico.com\/index.php?rest_route=\/wp\/v2\/types\/post"}],"author":[{"embeddable":true,"href":"https:\/\/gazzettinoitalianopatagonico.com\/index.php?rest_route=\/wp\/v2\/users\/1"}],"replies":[{"embeddable":true,"href":"https:\/\/gazzettinoitalianopatagonico.com\/index.php?rest_route=%2Fwp%2Fv2%2Fcomments&post=1000011425"}],"version-history":[{"count":1,"href":"https:\/\/gazzettinoitalianopatagonico.com\/index.php?rest_route=\/wp\/v2\/posts\/1000011425\/revisions"}],"predecessor-version":[{"id":1000011427,"href":"https:\/\/gazzettinoitalianopatagonico.com\/index.php?rest_route=\/wp\/v2\/posts\/1000011425\/revisions\/1000011427"}],"wp:featuredmedia":[{"embeddable":true,"href":"https:\/\/gazzettinoitalianopatagonico.com\/index.php?rest_route=\/wp\/v2\/media\/1000011426"}],"wp:attachment":[{"href":"https:\/\/gazzettinoitalianopatagonico.com\/index.php?rest_route=%2Fwp%2Fv2%2Fmedia&parent=1000011425"}],"wp:term":[{"taxonomy":"category","embeddable":true,"href":"https:\/\/gazzettinoitalianopatagonico.com\/index.php?rest_route=%2Fwp%2Fv2%2Fcategories&post=1000011425"},{"taxonomy":"post_tag","embeddable":true,"href":"https:\/\/gazzettinoitalianopatagonico.com\/index.php?rest_route=%2Fwp%2Fv2%2Ftags&post=1000011425"}],"curies":[{"name":"wp","href":"https:\/\/api.w.org\/{rel}","templated":true}]}}