{"id":1000011396,"date":"2025-01-27T10:22:38","date_gmt":"2025-01-27T13:22:38","guid":{"rendered":"https:\/\/gazzettinoitalianopatagonico.com\/?p=1000011396"},"modified":"2025-01-27T10:22:40","modified_gmt":"2025-01-27T13:22:40","slug":"la-forza-di-trump-per-distogliere-lattenzione-dai-tanti-problemi-che-gia-ha-in-casa-sua","status":"publish","type":"post","link":"https:\/\/gazzettinoitalianopatagonico.com\/?p=1000011396","title":{"rendered":"La &#8216;forza&#8217; di Trump per distogliere l&#8217;attenzione dai tanti problemi che gi\u00e0 ha in casa sua"},"content":{"rendered":"\n<p>Via alla prova muscolare, almeno fotografica. Il Presidente Trump a poche ore dal suo insediamento posta la foto di alcune centinaia di immigrati in manette caricati su un aereo e portati chiss\u00e0 dove. E gi\u00e0 questo \u00e8 un primo elemento che fa pensare al diversivo. Perch\u00e9 magari adesso quegli immigrati delinquenti, come li definiscono i Maga boys, sono stati scaricati a ridosso del confine ancora americano. Comunque la foto, con la massiccia propaganda innescata immediatamente sui media controllati da Musk e dagli altri alleati di destra, sicuramente d\u00e0 la scossa e suona d avvertimento: attenzione, facciamo sul serio, guai a voi. Ma stiamo parlando di centinaia, Trump ha promesso di spedirne fuori decine di milioni. E cosa far\u00e0 se i paesi destinatari non li faranno rientrare e vorranno rispedirli al mittente? Dichiarer\u00e0 guerra a tutti? Ma non si \u00e8 presentato al mondo come il pacificatore, quello che le guerre le scansa o le fa finire? I supermiliardari hi-tech al suo seguito, che si sono fatti subito fotografare al fianco del &#8216;padrone&#8217; politico. Almeno questo spera Trump, perch\u00e9 le cose purtroppo per lui andranno in un&#8217;altra direzione. Questi &#8216;lor signori&#8217;, infatti, sono l\u00ec a ricordare al &#8216;povero&#8217; politico che tutto dipender\u00e0 da loro. Come lo hanno appoggiato cos\u00ec possono scaricarlo. Vero che ognuno di loro non sopporta l&#8217;altro e viceversa. In un primo tempo faranno a gara per risultare il pi\u00f9 simpatico e il pi\u00f9 affidabile. Ma durer\u00e0 poco. Intanto perch\u00e9 Elon Musk, che si \u00e8 gi\u00e0 piazzato quasi dentro la Casa Bianca, gi\u00e0 si muove da padrone. Tanto che, come narrano le cronache, Trump pi\u00f9 di una volta si \u00e8 incavolato per atteggiamenti o dichiarazioni che lo avevano messo in ombra. Trump spera, forse, che potr\u00e0 essere libero di governare e fare le sue cose mentre questi &#8216;ragazzotti&#8217; si menano tra di loro. Ma i &#8216;ragazzotti&#8217;, lo hanno dimostrato in tutti questi anni, ad un certo punto pensano soltanto a come aumentare il &#8216;grano&#8217; nei loro silos, e quindi appena Trump si metter\u00e0 a guerreggiare a livello commerciale con tutto il mondo, mettendo a rischio i loro magazzini, beh allora suoner\u00e0 la campana. Per non contare che anche tra i seguaci di Trump, a partire da Steve Bannon e il suo vasto movimento popolare Maga, gi\u00e0 odiano Musk e gli altri stramiliardari e non vedono l&#8217;ora, come hanno gi\u00e0 detto, di prenderli a calci e mandarli via. Ci sono poi i gravi problemi interni. A partire dalle grandi catastrofi ambientali in California e in Sud Carolina che necessitano di centinaia e centinaia di miliardi di dollari di aiuti. Ed anche le altre crisi che potrebbero scoppiare e creare una catena di tensioni in tutti gli Stati se Trump Dovesse cominciare a smantellare, per trovare i soldi da ridare agli amici miliardari, i servizi sociali, la sanit\u00e0 e altre politiche di welfare. Che accadr\u00e0 quando queste persone non pi\u00f9 assistite cominceranno a protestare nelle piazze? Con la polizia schierata, che magari pensando di avere le spalle coperte dall&#8217;alto, non manterr\u00e0 saldi i nervi e&nbsp; sparer\u00e0 sui rivoltosi? Per non parlare dei lavoratori, di quella classe media penalizzata che non ce la fa ad arrivare a fine mese perch\u00e9 i prezzi sono esplosi. Che accadr\u00e0 quando Trump sparer\u00e0 i suoi dazi contro i paesi esportatori e subito dopo gli americani non solo si ritroveranno non solo sprovvisti ma con prezzi ancora pi\u00f9 alti? Ora Trump \u00e8 in luna di miele, il mondo sta a guardare e i suoi primi atti sono l\u00ec a confermare che s\u00ec, LUI far\u00e0 sul serio, che rimetter\u00e0 l&#8217;America al primo posto non solo in casa ma in tutto il mondo. Ma il mondo \u00e8 gi\u00e0 cambiato e lui lo sa. Sono sempre di pi\u00f9 i paesi che si stanno organizzando proprio per non dipendere pi\u00f9 alle voglie americane. I Democratici, gli avversari politici, sono tramortiti, annaspano e ancora si devono riprendere dalla botta. Vero che \u00e8 proprio nei momenti pi\u00f9 bui, pi\u00f9 duri e complicati che qualcosa di buono pu\u00f2 spuntare. Chiaro che la vecchia classe dirigente, oramai vecchia e decrepita, deve essere accompagnata alla porta. Tanto hanno belle villone e tante belle cose da fare con i soldi accumulati. Chiaro che deve farsi avanti, con coraggio e rischiando, una nuova e giovane classe politica capace di comprendere i problemi di oggi, con gli occhi e la testa di oggi, guardando al futuro e non pensando di restaurare un mondo che esiste soltanto nella mente di vecchi preda della nostalgia. Partendo dai dati reali, non quelli che a Trump fa comodo sventolare. E i dati reali sono i 77 milioni di voti andati a Trump e i 75 milioni a Kamala Harris. Il divario non \u00e8 stratosferico. Da qui occorre ripartire, avendo ben chiaro in testa che non si torner\u00e0 a vincere se non si metter\u00e0 in discussione il modello statale, ormai stravecchio e non pi\u00f9 funzionante. Lo Stato va cambiato profondamente, bisogna che le sue risposte risolvano per davvero i problemi dei cittadini e non, con rinvii e regole su regole, esasperando ancora di pi\u00f9 gli animi, invogli i delusi a votare qualsiasi personaggio prometta loro che a quelli gliela far\u00e0 pagare.<\/p>\n\n\n\n<p>Nico Perrone<\/p>\n","protected":false},"excerpt":{"rendered":"<p>Via alla prova muscolare, almeno fotografica. Il Presidente Trump a poche ore dal suo insediamento posta la foto di alcune centinaia di immigrati in manette caricati su un aereo e portati chiss\u00e0 dove. E gi\u00e0 questo \u00e8 un primo elemento che fa pensare al diversivo. Perch\u00e9 magari adesso quegli immigrati delinquenti, come li definiscono i [&hellip;]<\/p>\n","protected":false},"author":1,"featured_media":1000011397,"comment_status":"closed","ping_status":"closed","sticky":false,"template":"","format":"standard","meta":{"content-type":"","_jetpack_memberships_contains_paid_content":false,"jnews-multi-image_gallery":[],"jnews_single_post":{"format":"standard"},"jnews_primary_category":[],"footnotes":"","jetpack_publicize_message":"","jetpack_publicize_feature_enabled":true,"jetpack_social_post_already_shared":true,"jetpack_social_options":{"image_generator_settings":{"template":"highway","default_image_id":0,"font":"","enabled":false},"version":2}},"categories":[388],"tags":[],"class_list":{"0":"post-1000011396","1":"post","2":"type-post","3":"status-publish","4":"format-standard","5":"has-post-thumbnail","7":"category-editorial"},"jetpack_publicize_connections":[],"jetpack_featured_media_url":"https:\/\/i0.wp.com\/gazzettinoitalianopatagonico.com\/wp-content\/uploads\/2025\/01\/ordini-esecutivi-trump-1.jpg?fit=800%2C533&ssl=1","jetpack_likes_enabled":true,"jetpack_sharing_enabled":true,"_links":{"self":[{"href":"https:\/\/gazzettinoitalianopatagonico.com\/index.php?rest_route=\/wp\/v2\/posts\/1000011396","targetHints":{"allow":["GET"]}}],"collection":[{"href":"https:\/\/gazzettinoitalianopatagonico.com\/index.php?rest_route=\/wp\/v2\/posts"}],"about":[{"href":"https:\/\/gazzettinoitalianopatagonico.com\/index.php?rest_route=\/wp\/v2\/types\/post"}],"author":[{"embeddable":true,"href":"https:\/\/gazzettinoitalianopatagonico.com\/index.php?rest_route=\/wp\/v2\/users\/1"}],"replies":[{"embeddable":true,"href":"https:\/\/gazzettinoitalianopatagonico.com\/index.php?rest_route=%2Fwp%2Fv2%2Fcomments&post=1000011396"}],"version-history":[{"count":1,"href":"https:\/\/gazzettinoitalianopatagonico.com\/index.php?rest_route=\/wp\/v2\/posts\/1000011396\/revisions"}],"predecessor-version":[{"id":1000011398,"href":"https:\/\/gazzettinoitalianopatagonico.com\/index.php?rest_route=\/wp\/v2\/posts\/1000011396\/revisions\/1000011398"}],"wp:featuredmedia":[{"embeddable":true,"href":"https:\/\/gazzettinoitalianopatagonico.com\/index.php?rest_route=\/wp\/v2\/media\/1000011397"}],"wp:attachment":[{"href":"https:\/\/gazzettinoitalianopatagonico.com\/index.php?rest_route=%2Fwp%2Fv2%2Fmedia&parent=1000011396"}],"wp:term":[{"taxonomy":"category","embeddable":true,"href":"https:\/\/gazzettinoitalianopatagonico.com\/index.php?rest_route=%2Fwp%2Fv2%2Fcategories&post=1000011396"},{"taxonomy":"post_tag","embeddable":true,"href":"https:\/\/gazzettinoitalianopatagonico.com\/index.php?rest_route=%2Fwp%2Fv2%2Ftags&post=1000011396"}],"curies":[{"name":"wp","href":"https:\/\/api.w.org\/{rel}","templated":true}]}}