{"id":1000011393,"date":"2025-01-27T10:20:36","date_gmt":"2025-01-27T13:20:36","guid":{"rendered":"https:\/\/gazzettinoitalianopatagonico.com\/?p=1000011393"},"modified":"2025-01-27T10:20:38","modified_gmt":"2025-01-27T13:20:38","slug":"trionfo-azzuro-nello-sci-doppietta-brignone-goggia-separate-da-un-solo-centesimo-nella-discesa-di-garmisch","status":"publish","type":"post","link":"https:\/\/gazzettinoitalianopatagonico.com\/?p=1000011393","title":{"rendered":"Trionfo azzuro nello sci, doppietta Brignone-Goggia separate da un solo centesimo nella discesa di Garmisch"},"content":{"rendered":"\n<p>Federica Brignone supera Sofia Goggia, separate da un solo centesimo: la discesa di Garmisch Partenkirchen \u00e8 un assoluto trionfo per le azzurre che regalano la prima doppietta stagionale per l&#8217;Italia. Per Brignone che difende cos\u00ec il pettorale rosso di leader di specialit\u00e0, si tratta della 32esima vittoria in carriera, la seconda in discesa dopo il debutto di St. Anton di due settimane or sono, mentre il totale dei podi sale a quota 76. E la campionessa valdostana allunga nella graduatoria generale di Coppa del Mondo ritoccando tutti i propri record di longevit\u00e0. Podio numero 59 invece per Goggia, il 37esimo in discesa, il quinto in stagione. Curiosamente non \u00e8 la prima volta che le due azzurre si ritrovano davanti a tutte separate da un centesimo: il precedente riporta al superG di St. Moritz nel dicembre 2019, quando Goggia la spunt\u00f2 su Brignone con lo stesso margine. Dopo la seconda prova, Brignone ha saputo trovare la chiave per interpretare al meglio la parte di scorrevolezza nel tratto superiore della Kandahar: da l\u00ec ha preso forma la sua vittoria, concretizzata dopo 1&#8217;35\u203383 di gara. Un centesimo dietro di lei, ecco una Goggia incappata in un problema alla spalla destra nel finale, una dislocazione che non le ha consentito di mantenere la migliore posizione aerodinamica nel tratto conclusivo.<\/p>\n\n\n\n<p>Dopo la doppietta azzurra, sul terzo gradino del podio sale Corinne Suter: l&#8217;elvetica \u00e8 staccata di 0\u203319 da Brignone, con la statunitense pronta a confermare le ottime indicazioni delle prove per cogliere il quarto posto a 0\u203325, seguita da Lara Gut Behrami (+0\u203337), da Lauren Macuga (+0\u203338) e dalle due austriache R\u00e4dler e H\u00fctter. Buona la prova di Laura Pirovano che \u00e8 decima a 0\u203354, con Marta Bassino che si affaccia all&#8217;undicesimo posto staccata di 0\u203396. Il quattordicesimo posto di Nicol Delago ed il 15esimo di Elena Curtoni permettono di salutare ben sei azzurre tra le migliori 15. Appena oltre, Nadia Delago \u00e8 19esima a 1\u203342, con Vicky Bernardi 29esima a 2\u203335 e Roberta Melesi 32esima a 2\u203383. I cento punti acquisiti oggi permettono a Federica Brignone di salire a quota 739, portando a 105 lunghezze il vantaggio su Gut-Behrami nella graduatoria generale; terza \u00e8 Camilla Rast con 562 mentre Goggia sale in quinta piazza con 501. Le azzurre sono in vetta anche alla classifica di specialit\u00e0: 289 per Brignone, 260 per Goggia; terza \u00e8 H\u00fctter con 216. Domani la tappa bavarese si completa con il superG: partenza prevista alle 11.<\/p>\n\n\n\n<p>\u00abSperavo di fare una bella gara, ma non mi sarei mai aspettata di riuscire a vincere. Ieri pomeriggio abbiamo passato tanto tempo al video per capire come migliorare le linee nella parte di scorrevolezza dove pagavo davvero tanto. Nelle prove ho fatto buoni parziali ma mai mi \u00e8 venuto tutto bene: il lavoro al video ha pagato ma davvero sono rimasta sorpresa di vedermi in testa. A me piace tanto la neve primaverile, bagnata, come quella di oggi che tiene e risponde bene ma allo stesso tempo pi\u00f9 essere un po&#8217; scivolosa. Una neve in cui si deve spingere: in queste condizioni mi trovo bene ed anche il mio pacchetto materiali sono in sintonia con questa neve. Oggi ho cercato di essere stata scorrevole e ci sono riuscita: sono anni che lavoriamo per migliorare sui miei punti deboli ed i risultati si vedono\u00bb. Lo ha dichiarato Federica Brignone dopo il successo nella discesa di Coppa del mondo a Garmisch Partenkirchen. Brignone ha preceduto Sofia Goggia di un solo centesimo. \u00abCredo sia un momento davvero speciale per la nostra squadra- ha proseguito l&#8217;atleta azzurra- stiamo facendo qualcosa di grande per tutto il movimento. Sofia ed io siamo persone molto decise, siamo lavoratrici, cerchiamo la cura del dettaglio e di tutti gli aspetti per essere la migliore versione di noi stesse. Andare forte ci ha aiutato entrambe: lei \u00e8 sempre stata pi\u00f9 forte di me in discesa e credo sia una bella sfida\u00bb.<\/p>\n\n\n\n<p>Marco Melli<\/p>\n","protected":false},"excerpt":{"rendered":"<p>Federica Brignone supera Sofia Goggia, separate da un solo centesimo: la discesa di Garmisch Partenkirchen \u00e8 un assoluto trionfo per le azzurre che regalano la prima doppietta stagionale per l&#8217;Italia. Per Brignone che difende cos\u00ec il pettorale rosso di leader di specialit\u00e0, si tratta della 32esima vittoria in carriera, la seconda in discesa dopo il [&hellip;]<\/p>\n","protected":false},"author":1,"featured_media":1000011394,"comment_status":"closed","ping_status":"closed","sticky":false,"template":"","format":"standard","meta":{"content-type":"","_jetpack_memberships_contains_paid_content":false,"jnews-multi-image_gallery":[],"jnews_single_post":{"format":"standard"},"jnews_primary_category":[],"footnotes":"","jetpack_publicize_message":"","jetpack_publicize_feature_enabled":true,"jetpack_social_post_already_shared":true,"jetpack_social_options":{"image_generator_settings":{"template":"highway","default_image_id":0,"font":"","enabled":false},"version":2}},"categories":[169],"tags":[170],"class_list":{"0":"post-1000011393","1":"post","2":"type-post","3":"status-publish","4":"format-standard","5":"has-post-thumbnail","7":"category-deportes","8":"tag-deportes"},"jetpack_publicize_connections":[],"jetpack_featured_media_url":"https:\/\/i0.wp.com\/gazzettinoitalianopatagonico.com\/wp-content\/uploads\/2025\/01\/goggia-brignone-1024x576-1.jpg?fit=1024%2C576&ssl=1","jetpack_likes_enabled":true,"jetpack_sharing_enabled":true,"_links":{"self":[{"href":"https:\/\/gazzettinoitalianopatagonico.com\/index.php?rest_route=\/wp\/v2\/posts\/1000011393","targetHints":{"allow":["GET"]}}],"collection":[{"href":"https:\/\/gazzettinoitalianopatagonico.com\/index.php?rest_route=\/wp\/v2\/posts"}],"about":[{"href":"https:\/\/gazzettinoitalianopatagonico.com\/index.php?rest_route=\/wp\/v2\/types\/post"}],"author":[{"embeddable":true,"href":"https:\/\/gazzettinoitalianopatagonico.com\/index.php?rest_route=\/wp\/v2\/users\/1"}],"replies":[{"embeddable":true,"href":"https:\/\/gazzettinoitalianopatagonico.com\/index.php?rest_route=%2Fwp%2Fv2%2Fcomments&post=1000011393"}],"version-history":[{"count":1,"href":"https:\/\/gazzettinoitalianopatagonico.com\/index.php?rest_route=\/wp\/v2\/posts\/1000011393\/revisions"}],"predecessor-version":[{"id":1000011395,"href":"https:\/\/gazzettinoitalianopatagonico.com\/index.php?rest_route=\/wp\/v2\/posts\/1000011393\/revisions\/1000011395"}],"wp:featuredmedia":[{"embeddable":true,"href":"https:\/\/gazzettinoitalianopatagonico.com\/index.php?rest_route=\/wp\/v2\/media\/1000011394"}],"wp:attachment":[{"href":"https:\/\/gazzettinoitalianopatagonico.com\/index.php?rest_route=%2Fwp%2Fv2%2Fmedia&parent=1000011393"}],"wp:term":[{"taxonomy":"category","embeddable":true,"href":"https:\/\/gazzettinoitalianopatagonico.com\/index.php?rest_route=%2Fwp%2Fv2%2Fcategories&post=1000011393"},{"taxonomy":"post_tag","embeddable":true,"href":"https:\/\/gazzettinoitalianopatagonico.com\/index.php?rest_route=%2Fwp%2Fv2%2Ftags&post=1000011393"}],"curies":[{"name":"wp","href":"https:\/\/api.w.org\/{rel}","templated":true}]}}