{"id":1000011123,"date":"2025-01-16T11:16:02","date_gmt":"2025-01-16T14:16:02","guid":{"rendered":"https:\/\/gazzettinoitalianopatagonico.com\/?p=1000011123"},"modified":"2025-01-16T11:16:04","modified_gmt":"2025-01-16T14:16:04","slug":"ostituzione-rosa-fdi-modifica-allarticolo-24-per-introdurre-la-tutela-delle-vittime-di-reato-e-un-atto-di-civilta","status":"publish","type":"post","link":"https:\/\/gazzettinoitalianopatagonico.com\/?p=1000011123","title":{"rendered":"OSTITUZIONE. ROSA (FDI): MODIFICA ALL&#8217;ARTICOLO 24 PER INTRODURRE LA TUTELA DELLE VITTIME DI REATO \u00c8 UN ATTO DI CIVILT\u00c0"},"content":{"rendered":"\n<p>\u00abAtto di civilt\u00e0 l&#8217;approvazione della modifica costituzionale dell&#8217;articolo 24 votata, ieri, in Senato, con la quale si riconosce che \u00abLa Repubblica tutela le vittime di reato\u00bb. \u00c8 una modifica attesa da anni che sancisce definitivamente un principio che non \u00e8 meramente processuale ma ordinamentale, garantendo alle vittime il supporto dello Stato. E non \u00e8 un caso che la modifica riguarda l&#8217;articolo 24, inserito nel titolo che disciplina i rapporti civili, cio\u00e8 i rapporti non solo tra cittadini ma anche tra cittadini e lo Stato che sono tutelati costituzionalmente. Articolo che stabilisce quelle che vengono definite le libert\u00e0 dell&#8217;individuo alla giustizia. E non c&#8217;\u00e8 nulla di pi\u00f9 giusto che tutelare, sempre, chi \u00e8 stato vittima di crimini violenti.\u00bb<\/p>\n\n\n\n<p>Lo dichiara in una nota Gianni Rosa, senatore di Fratelli d&#8217;Italia.<\/p>\n","protected":false},"excerpt":{"rendered":"<p>\u00abAtto di civilt\u00e0 l&#8217;approvazione della modifica costituzionale dell&#8217;articolo 24 votata, ieri, in Senato, con la quale si riconosce che \u00abLa Repubblica tutela le vittime di reato\u00bb. \u00c8 una modifica attesa da anni che sancisce definitivamente un principio che non \u00e8 meramente processuale ma ordinamentale, garantendo alle vittime il supporto dello Stato. E non \u00e8 un [&hellip;]<\/p>\n","protected":false},"author":1,"featured_media":1000011124,"comment_status":"closed","ping_status":"closed","sticky":false,"template":"","format":"standard","meta":{"content-type":"","_jetpack_memberships_contains_paid_content":false,"jnews-multi-image_gallery":[],"jnews_single_post":{"format":"standard"},"jnews_primary_category":[],"footnotes":"","jetpack_publicize_message":"","jetpack_publicize_feature_enabled":true,"jetpack_social_post_already_shared":true,"jetpack_social_options":{"image_generator_settings":{"template":"highway","default_image_id":0,"font":"","enabled":false},"version":2}},"categories":[46,32],"tags":[],"class_list":{"0":"post-1000011123","1":"post","2":"type-post","3":"status-publish","4":"format-standard","5":"has-post-thumbnail","7":"category-italia","8":"category-politica"},"jetpack_publicize_connections":[],"jetpack_featured_media_url":"https:\/\/i0.wp.com\/gazzettinoitalianopatagonico.com\/wp-content\/uploads\/2025\/01\/klmn.png?fit=1068%2C559&ssl=1","jetpack_likes_enabled":true,"jetpack_sharing_enabled":true,"_links":{"self":[{"href":"https:\/\/gazzettinoitalianopatagonico.com\/index.php?rest_route=\/wp\/v2\/posts\/1000011123","targetHints":{"allow":["GET"]}}],"collection":[{"href":"https:\/\/gazzettinoitalianopatagonico.com\/index.php?rest_route=\/wp\/v2\/posts"}],"about":[{"href":"https:\/\/gazzettinoitalianopatagonico.com\/index.php?rest_route=\/wp\/v2\/types\/post"}],"author":[{"embeddable":true,"href":"https:\/\/gazzettinoitalianopatagonico.com\/index.php?rest_route=\/wp\/v2\/users\/1"}],"replies":[{"embeddable":true,"href":"https:\/\/gazzettinoitalianopatagonico.com\/index.php?rest_route=%2Fwp%2Fv2%2Fcomments&post=1000011123"}],"version-history":[{"count":1,"href":"https:\/\/gazzettinoitalianopatagonico.com\/index.php?rest_route=\/wp\/v2\/posts\/1000011123\/revisions"}],"predecessor-version":[{"id":1000011125,"href":"https:\/\/gazzettinoitalianopatagonico.com\/index.php?rest_route=\/wp\/v2\/posts\/1000011123\/revisions\/1000011125"}],"wp:featuredmedia":[{"embeddable":true,"href":"https:\/\/gazzettinoitalianopatagonico.com\/index.php?rest_route=\/wp\/v2\/media\/1000011124"}],"wp:attachment":[{"href":"https:\/\/gazzettinoitalianopatagonico.com\/index.php?rest_route=%2Fwp%2Fv2%2Fmedia&parent=1000011123"}],"wp:term":[{"taxonomy":"category","embeddable":true,"href":"https:\/\/gazzettinoitalianopatagonico.com\/index.php?rest_route=%2Fwp%2Fv2%2Fcategories&post=1000011123"},{"taxonomy":"post_tag","embeddable":true,"href":"https:\/\/gazzettinoitalianopatagonico.com\/index.php?rest_route=%2Fwp%2Fv2%2Ftags&post=1000011123"}],"curies":[{"name":"wp","href":"https:\/\/api.w.org\/{rel}","templated":true}]}}