{"id":1000009308,"date":"2024-10-25T09:53:16","date_gmt":"2024-10-25T12:53:16","guid":{"rendered":"https:\/\/gazzettinoitalianopatagonico.com\/?p=1000009308"},"modified":"2024-10-25T09:53:18","modified_gmt":"2024-10-25T12:53:18","slug":"ucraina-terzi-fdi-da-russia-falsa-narrazione","status":"publish","type":"post","link":"https:\/\/gazzettinoitalianopatagonico.com\/?p=1000009308","title":{"rendered":"Ucraina, Terzi (FdI): da Russia falsa narrazione"},"content":{"rendered":"\n<p>\u00abL&#8217;incontro di oggi, che vede il cruciale coinvolgimento di 65 delegazioni parlamentari internazionali, \u00e8 una occasione fondamentale \u2013 a pi\u00f9 di due anni dall&#8217;aggressione russa all&#8217;Ucraina, e quindi all&#8217;Europa \u2013 per ribadire la difesa dei nostri valori di libert\u00e0, democrazia e giustizia. L&#8217;aggressione russa ha innescato un conflitto che minaccia non solo l&#8217;Europa bens\u00ec la sicurezza, la stabilit\u00e0, l&#8217;economia di tutta la comunit\u00e0 internazionale. Ma gi\u00e0 dieci anni fa, quando la Russia invase la Crimea, i semi di tale minaccia erano presenti, e con essi le atroci violazioni dei principi universalmente riconosciuti dalla Carta delle Nazioni Unite, statuto che la Federazione Russa ha ratificato. Il Cremlino continua a portare avanti una falsa e oltraggiosa narrazione sulla Crimea e sull&#8217;Ucraina ma la realt\u00e0 \u00e8 evidente: la Russia viola l&#8217;integrit\u00e0 territoriale di una Nazione sovrana. Innumerevoli i crimini contro l&#8217;umanit\u00e0, contro la pace \u2013 dalle esecuzioni sommarie alla deportazione dei minori ucraini, dalla distruzione di infrastrutture civili alla persecuzione delle minoranze religiose o etniche \u2013 di cui Putin e i suoi complici sono direttamente responsabili. Crimini che inorridiscono l&#8217;Occidente e ogni Paese libero, per cui sosteniamo convintamente ogni iniziativa sul piano della Corte Penale Internazionale, anche nel quadro della Convenzione di Lubiana e del principio della Giurisdizione universale. Di fronte all&#8217;aggressione russa \u2013 che ha colpito l&#8217;Ucraina insieme ai suoi fondamenti di libert\u00e0 e democrazia in Europa \u2013 i nostri Paesi hanno scelto di assicurare il sostegno a Kiev per tutto il tempo necessario. \u00c8 chiaro che nessuna iniziativa di pace possa esser intrapresa senza l&#8217;Ucraina, come ribadito nell&#8217;ultimo Consiglio europeo e nei vertici del G7 e della Nato. La Russia, con la sua strategia illegale di occupare e annettere territori, non pu\u00f2 prevalere. L&#8217;Italia, nella sua presidenza del G7 e nel suo costante dialogo con l&#8217;Europa, \u00e8 in prima linea per e con l&#8217;Ucraina, di oggi e di domani. Il prossimo luglio si terr\u00e0 infatti a Roma la &#8216;Ukraine Recovery Conference&#8217;, un&#8217;ulteriore dimostrazione di quanto la nostra Nazione sia impegnata nel futuro dell&#8217;Ucraina, nella sua ricostruzione. Le prospettive di integrazione euro-atlantica dell&#8217;Ucraina sono una componente fondamentale dell&#8217;impegno italiano\u00bb.<\/p>\n\n\n\n<p>Lo dichiara il senatore di Fratelli d&#8217;Italia, Giulio Terzi di Sant&#8217;Agata, in occasione del terzo Vertice parlamentare della Piattaforma internazionale sulla Crimea, alla presenza del Presidente della Verkhovna Rada, Ruslan Stefan\u010duk, in corso a Riga.<\/p>\n","protected":false},"excerpt":{"rendered":"<p>\u00abL&#8217;incontro di oggi, che vede il cruciale coinvolgimento di 65 delegazioni parlamentari internazionali, \u00e8 una occasione fondamentale \u2013 a pi\u00f9 di due anni dall&#8217;aggressione russa all&#8217;Ucraina, e quindi all&#8217;Europa \u2013 per ribadire la difesa dei nostri valori di libert\u00e0, democrazia e giustizia. L&#8217;aggressione russa ha innescato un conflitto che minaccia non solo l&#8217;Europa bens\u00ec la [&hellip;]<\/p>\n","protected":false},"author":1,"featured_media":1000006972,"comment_status":"closed","ping_status":"closed","sticky":false,"template":"","format":"standard","meta":{"content-type":"","_jetpack_memberships_contains_paid_content":false,"jnews-multi-image_gallery":[],"jnews_single_post":{"format":"standard"},"jnews_primary_category":[],"footnotes":"","jetpack_publicize_message":"","jetpack_publicize_feature_enabled":true,"jetpack_social_post_already_shared":true,"jetpack_social_options":{"image_generator_settings":{"template":"highway","default_image_id":0,"font":"","enabled":false},"version":2}},"categories":[41],"tags":[167],"class_list":{"0":"post-1000009308","1":"post","2":"type-post","3":"status-publish","4":"format-standard","5":"has-post-thumbnail","7":"category-mundo","8":"tag-mundo"},"jetpack_publicize_connections":[],"jetpack_featured_media_url":"https:\/\/i0.wp.com\/gazzettinoitalianopatagonico.com\/wp-content\/uploads\/2024\/07\/Terzi4-lvdp.webp?fit=1200%2C628&ssl=1","jetpack_likes_enabled":true,"jetpack_sharing_enabled":true,"_links":{"self":[{"href":"https:\/\/gazzettinoitalianopatagonico.com\/index.php?rest_route=\/wp\/v2\/posts\/1000009308","targetHints":{"allow":["GET"]}}],"collection":[{"href":"https:\/\/gazzettinoitalianopatagonico.com\/index.php?rest_route=\/wp\/v2\/posts"}],"about":[{"href":"https:\/\/gazzettinoitalianopatagonico.com\/index.php?rest_route=\/wp\/v2\/types\/post"}],"author":[{"embeddable":true,"href":"https:\/\/gazzettinoitalianopatagonico.com\/index.php?rest_route=\/wp\/v2\/users\/1"}],"replies":[{"embeddable":true,"href":"https:\/\/gazzettinoitalianopatagonico.com\/index.php?rest_route=%2Fwp%2Fv2%2Fcomments&post=1000009308"}],"version-history":[{"count":1,"href":"https:\/\/gazzettinoitalianopatagonico.com\/index.php?rest_route=\/wp\/v2\/posts\/1000009308\/revisions"}],"predecessor-version":[{"id":1000009309,"href":"https:\/\/gazzettinoitalianopatagonico.com\/index.php?rest_route=\/wp\/v2\/posts\/1000009308\/revisions\/1000009309"}],"wp:featuredmedia":[{"embeddable":true,"href":"https:\/\/gazzettinoitalianopatagonico.com\/index.php?rest_route=\/wp\/v2\/media\/1000006972"}],"wp:attachment":[{"href":"https:\/\/gazzettinoitalianopatagonico.com\/index.php?rest_route=%2Fwp%2Fv2%2Fmedia&parent=1000009308"}],"wp:term":[{"taxonomy":"category","embeddable":true,"href":"https:\/\/gazzettinoitalianopatagonico.com\/index.php?rest_route=%2Fwp%2Fv2%2Fcategories&post=1000009308"},{"taxonomy":"post_tag","embeddable":true,"href":"https:\/\/gazzettinoitalianopatagonico.com\/index.php?rest_route=%2Fwp%2Fv2%2Ftags&post=1000009308"}],"curies":[{"name":"wp","href":"https:\/\/api.w.org\/{rel}","templated":true}]}}