{"id":1000009305,"date":"2024-10-25T09:51:29","date_gmt":"2024-10-25T12:51:29","guid":{"rendered":"https:\/\/gazzettinoitalianopatagonico.com\/?p=1000009305"},"modified":"2024-10-25T09:51:31","modified_gmt":"2024-10-25T12:51:31","slug":"welfare-zaffini-fdi-in-commissione-a-lavoro-per-strutturare-il-secondo-pilastro-della-sanita-integrativa","status":"publish","type":"post","link":"https:\/\/gazzettinoitalianopatagonico.com\/?p=1000009305","title":{"rendered":"Welfare. Zaffini (FdI): in Commissione a lavoro per strutturare il secondo pilastro della sanit\u00e0 integrativa"},"content":{"rendered":"\n<p>\u00abNon potevo mancare oggi al \u00abGlobal Welfare Summit\u00bb, non solo perch\u00e9 \u00e8 un importante evento sul welfare globale in Italia, che sviluppa la sua attivit\u00e0 di ricerca grazie con una prospettiva multidimensionale, ma anche perch\u00e9 \u00e8 stata un&#8217;occasione per ribadire il lavoro che la Commissione da me presieduta sta svolgendo per strutturare il secondo pilastro della sanit\u00e0 integrativa, con prestazioni che, da un lato lo Stato non garantisce e dall&#8217;altro non riesce ad erogare. L&#8217;obiettivo a cui vogliamo arrivare \u00e8 un modello di governance pi\u00f9 strutturato e omogeneo con un monitoraggio sulle attivit\u00e0 e sulle prestazioni sanitarie offerte ai beneficiari per accrescere l&#8217;integrazione tra Ssn e la sanit\u00e0 integrativa. Il Servizio sanitario nazionale \u00e8 stato caratterizzato dai principi di universalit\u00e0 ed eguaglianza, veri e propri assi portanti della riforma del 1978. Tuttavia, il fenomeno delle liste da attesa, dimostra che il SSN, cos\u00ec come era stato pensato, seppur \u00e8 un modello virtuoso non \u00e8 sostenibile dal punto di vista economico. \u00c8 dunque opportuno promuovere una riforma del sistema che potenzi le forme di assistenza complementare in una la logica di sussidiariet\u00e0 e di \u00abintegrazione di sistema\u00bb: si tratterebbe di un affiancamento e rafforzamento del nostro Sistema sanitario, senza alcuna volont\u00e0 di sostituirsi ad esso, garantendo quel supporto necessario &#8211; in termini di risorse \u2013 per rispondere meglio alle esigenze di salute che tutti hanno il diritto di ricevere. L&#8217;intervento consiste nel portare a un raddoppio dei cittadini coperti da fondi complementari (tendenzialmente da 15 a 30 milioni circa), contrastando l&#8217;elusione contributiva per aumentare la platea dei beneficiari, prevedendo l&#8217;introduzione di una contitolarit\u00e0 dei Fondi stessi sul recupero dei contributi omessi, e consentendo cos\u00ec la possibilit\u00e0 di ricorrere, anche in collaborazione con gli Ispettorati del lavoro, ad azioni di recupero coattivo delle omissioni contributive, oltre alla possibilit\u00e0 di accedere ai Fondi anche per lavoratori autonomi e P.IVA e per chi non esercita un&#8217;attivit\u00e0 lavorativa. In commissione stiamo gi\u00e0 lavorando ai testi, dunque spero di poter dare entro fine anno risposte pi\u00f9 concrete\u00bb.&nbsp;<\/p>\n\n\n\n<p>Lo ha detto Francesco Zaffini, &nbsp;presidente della Commissione Affari Sociali, sanit\u00e0, lavoro pubblico e privato, previdenza sociale di Palazzo Madama<\/p>\n","protected":false},"excerpt":{"rendered":"<p>\u00abNon potevo mancare oggi al \u00abGlobal Welfare Summit\u00bb, non solo perch\u00e9 \u00e8 un importante evento sul welfare globale in Italia, che sviluppa la sua attivit\u00e0 di ricerca grazie con una prospettiva multidimensionale, ma anche perch\u00e9 \u00e8 stata un&#8217;occasione per ribadire il lavoro che la Commissione da me presieduta sta svolgendo per strutturare il secondo pilastro [&hellip;]<\/p>\n","protected":false},"author":1,"featured_media":1000009306,"comment_status":"closed","ping_status":"closed","sticky":false,"template":"","format":"standard","meta":{"content-type":"","_jetpack_memberships_contains_paid_content":false,"jnews-multi-image_gallery":[],"jnews_single_post":{"format":"standard"},"jnews_primary_category":[],"footnotes":"","jetpack_publicize_message":"","jetpack_publicize_feature_enabled":true,"jetpack_social_post_already_shared":true,"jetpack_social_options":{"image_generator_settings":{"template":"highway","default_image_id":0,"font":"","enabled":false},"version":2}},"categories":[46],"tags":[38],"class_list":{"0":"post-1000009305","1":"post","2":"type-post","3":"status-publish","4":"format-standard","5":"has-post-thumbnail","7":"category-italia","8":"tag-italia"},"jetpack_publicize_connections":[],"jetpack_featured_media_url":"https:\/\/i0.wp.com\/gazzettinoitalianopatagonico.com\/wp-content\/uploads\/2024\/10\/vggbh.png?fit=750%2C512&ssl=1","jetpack_likes_enabled":true,"jetpack_sharing_enabled":true,"_links":{"self":[{"href":"https:\/\/gazzettinoitalianopatagonico.com\/index.php?rest_route=\/wp\/v2\/posts\/1000009305","targetHints":{"allow":["GET"]}}],"collection":[{"href":"https:\/\/gazzettinoitalianopatagonico.com\/index.php?rest_route=\/wp\/v2\/posts"}],"about":[{"href":"https:\/\/gazzettinoitalianopatagonico.com\/index.php?rest_route=\/wp\/v2\/types\/post"}],"author":[{"embeddable":true,"href":"https:\/\/gazzettinoitalianopatagonico.com\/index.php?rest_route=\/wp\/v2\/users\/1"}],"replies":[{"embeddable":true,"href":"https:\/\/gazzettinoitalianopatagonico.com\/index.php?rest_route=%2Fwp%2Fv2%2Fcomments&post=1000009305"}],"version-history":[{"count":1,"href":"https:\/\/gazzettinoitalianopatagonico.com\/index.php?rest_route=\/wp\/v2\/posts\/1000009305\/revisions"}],"predecessor-version":[{"id":1000009307,"href":"https:\/\/gazzettinoitalianopatagonico.com\/index.php?rest_route=\/wp\/v2\/posts\/1000009305\/revisions\/1000009307"}],"wp:featuredmedia":[{"embeddable":true,"href":"https:\/\/gazzettinoitalianopatagonico.com\/index.php?rest_route=\/wp\/v2\/media\/1000009306"}],"wp:attachment":[{"href":"https:\/\/gazzettinoitalianopatagonico.com\/index.php?rest_route=%2Fwp%2Fv2%2Fmedia&parent=1000009305"}],"wp:term":[{"taxonomy":"category","embeddable":true,"href":"https:\/\/gazzettinoitalianopatagonico.com\/index.php?rest_route=%2Fwp%2Fv2%2Fcategories&post=1000009305"},{"taxonomy":"post_tag","embeddable":true,"href":"https:\/\/gazzettinoitalianopatagonico.com\/index.php?rest_route=%2Fwp%2Fv2%2Ftags&post=1000009305"}],"curies":[{"name":"wp","href":"https:\/\/api.w.org\/{rel}","templated":true}]}}