{"id":1000009170,"date":"2024-10-22T09:37:44","date_gmt":"2024-10-22T12:37:44","guid":{"rendered":"https:\/\/gazzettinoitalianopatagonico.com\/?p=1000009170"},"modified":"2024-10-22T09:37:45","modified_gmt":"2024-10-22T12:37:45","slug":"due-anni-di-governo-calandrini-fdi-un-bilancio-di-risultati-concreti-e-coraggio-di-fronte-alle-sfide","status":"publish","type":"post","link":"https:\/\/gazzettinoitalianopatagonico.com\/?p=1000009170","title":{"rendered":"Due anni di Governo, Calandrini (FdI): un bilancio di risultati concreti e coraggio di fronte alle sfide"},"content":{"rendered":"\n<p>\u00abIn occasione del secondo anniversario del Governo guidato da Giorgia Meloni, \u00e8 giusto celebrare un traguardo importante per il nostro Paese. Due anni di lavoro instancabile che hanno portato a risultati significativi, come ha sottolineato oggi la Presidente del Consiglio. Il Governo Meloni ha saputo affrontare con determinazione e coraggio le numerose difficolt\u00e0 che si sono presentate. Dalla crisi energetica alle sfide geopolitiche, l&#8217;esecutivo ha sempre tenuto salda la rotta, proteggendo l&#8217;economia e il tessuto industriale nazionale. Questo governo ha riportato l&#8217;Italia al centro della scena internazionale e ha rilanciato la crescita economica, con dati storici sui posti di lavoro, soprattutto quelli a tempo indeterminato e la crescente partecipazione delle donne nel mondo del lavoro. Questi primi due anni sono stati caratterizzati anche dall&#8217;avvio di riforme attese da decenni, insieme a una gestione attenta e responsabile dei conti pubblici, che ha permesso di mettere in sicurezza il bilancio dello Stato senza sacrificare il sostegno alle famiglie e alle fasce pi\u00f9 vulnerabili. Il Governo ha anche stanziato risorse senza precedenti per la sanit\u00e0, dimostrando una profonda attenzione verso i bisogni della popolazione. Il percorso non \u00e8 stato privo di sfide, ma con determinazione e visione, Giorgia Meloni e tutto l&#8217;Esecutivo hanno dimostrato come si possa governare con l&#8217;obiettivo di costruire un&#8217;Italia pi\u00f9 forte, sicura e prospera. Questo \u00e8 il mandato che ci siamo presi di fronte agli italiani nel 2022, e continueremo a lavorare per mantenere vivo quel patto di fiducia che ci ha portato fin qui\u00bb.<\/p>\n\n\n\n<p>Cos\u00ec in una nota il senatore di Fratelli d&#8217;Italia, Nicola Calandrini, presidente della 5a Commissione Bilancio.<\/p>\n","protected":false},"excerpt":{"rendered":"<p>\u00abIn occasione del secondo anniversario del Governo guidato da Giorgia Meloni, \u00e8 giusto celebrare un traguardo importante per il nostro Paese. Due anni di lavoro instancabile che hanno portato a risultati significativi, come ha sottolineato oggi la Presidente del Consiglio. Il Governo Meloni ha saputo affrontare con determinazione e coraggio le numerose difficolt\u00e0 che si [&hellip;]<\/p>\n","protected":false},"author":1,"featured_media":1000009171,"comment_status":"closed","ping_status":"closed","sticky":false,"template":"","format":"standard","meta":{"content-type":"","_jetpack_memberships_contains_paid_content":false,"jnews-multi-image_gallery":[],"jnews_single_post":{"format":"standard"},"jnews_primary_category":[],"footnotes":"","jetpack_publicize_message":"","jetpack_publicize_feature_enabled":true,"jetpack_social_post_already_shared":true,"jetpack_social_options":{"image_generator_settings":{"template":"highway","default_image_id":0,"font":"","enabled":false},"version":2}},"categories":[32],"tags":[37],"class_list":{"0":"post-1000009170","1":"post","2":"type-post","3":"status-publish","4":"format-standard","5":"has-post-thumbnail","7":"category-politica","8":"tag-politica"},"jetpack_publicize_connections":[],"jetpack_featured_media_url":"https:\/\/i0.wp.com\/gazzettinoitalianopatagonico.com\/wp-content\/uploads\/2024\/10\/dfgs-2.png?fit=1065%2C711&ssl=1","jetpack_likes_enabled":true,"jetpack_sharing_enabled":true,"_links":{"self":[{"href":"https:\/\/gazzettinoitalianopatagonico.com\/index.php?rest_route=\/wp\/v2\/posts\/1000009170","targetHints":{"allow":["GET"]}}],"collection":[{"href":"https:\/\/gazzettinoitalianopatagonico.com\/index.php?rest_route=\/wp\/v2\/posts"}],"about":[{"href":"https:\/\/gazzettinoitalianopatagonico.com\/index.php?rest_route=\/wp\/v2\/types\/post"}],"author":[{"embeddable":true,"href":"https:\/\/gazzettinoitalianopatagonico.com\/index.php?rest_route=\/wp\/v2\/users\/1"}],"replies":[{"embeddable":true,"href":"https:\/\/gazzettinoitalianopatagonico.com\/index.php?rest_route=%2Fwp%2Fv2%2Fcomments&post=1000009170"}],"version-history":[{"count":1,"href":"https:\/\/gazzettinoitalianopatagonico.com\/index.php?rest_route=\/wp\/v2\/posts\/1000009170\/revisions"}],"predecessor-version":[{"id":1000009172,"href":"https:\/\/gazzettinoitalianopatagonico.com\/index.php?rest_route=\/wp\/v2\/posts\/1000009170\/revisions\/1000009172"}],"wp:featuredmedia":[{"embeddable":true,"href":"https:\/\/gazzettinoitalianopatagonico.com\/index.php?rest_route=\/wp\/v2\/media\/1000009171"}],"wp:attachment":[{"href":"https:\/\/gazzettinoitalianopatagonico.com\/index.php?rest_route=%2Fwp%2Fv2%2Fmedia&parent=1000009170"}],"wp:term":[{"taxonomy":"category","embeddable":true,"href":"https:\/\/gazzettinoitalianopatagonico.com\/index.php?rest_route=%2Fwp%2Fv2%2Fcategories&post=1000009170"},{"taxonomy":"post_tag","embeddable":true,"href":"https:\/\/gazzettinoitalianopatagonico.com\/index.php?rest_route=%2Fwp%2Fv2%2Ftags&post=1000009170"}],"curies":[{"name":"wp","href":"https:\/\/api.w.org\/{rel}","templated":true}]}}