{"id":1000009164,"date":"2024-10-22T09:31:37","date_gmt":"2024-10-22T12:31:37","guid":{"rendered":"https:\/\/gazzettinoitalianopatagonico.com\/?p=1000009164"},"modified":"2024-10-22T09:31:38","modified_gmt":"2024-10-22T12:31:38","slug":"natalita-zaffini-fdi-record-negativo-per-il-2023-da-governo-meloni-scelte-coraggiose-per-incentivare-nascite","status":"publish","type":"post","link":"https:\/\/gazzettinoitalianopatagonico.com\/?p=1000009164","title":{"rendered":"Natalit\u00e0. Zaffini (FdI): record negativo per il 2023, da governo Meloni scelte coraggiose per incentivare nascite\u00a0"},"content":{"rendered":"\n<p>\u00abCon poco meno di 380 mila bambini venuti al mondo nel 2023, l&#8217;Istat oggi certifica un nuovo record negativo per la natalit\u00e0, che segna un ulteriore calo del 3,4% rispetto all&#8217;anno precedente. Anche questo \u00e8 un lascito dei precedenti governi che ci trasciniamo da anni, le cui cause sono molteplici e di difficile soluzione ma di certo una delle principali si deve riferire ai costi che un figlio comporta, per questo il governo Meloni gi\u00e0 dal 2023 ha messo le famiglie e la natalit\u00e0 al centro delle proprie politiche di bilancio, con scelte coraggiose e una direzione ben determinata. E un&#8217;ulteriore prova \u00e8 la Legge di Bilancio, che per il 2025 prevede un ampio ventaglio di misure e oltre un miliardo e mezzo di investimenti, per esempio il bonus nascite o bonus beb\u00e8, del valore di 1.000 euro per ogni nuovo nato, che potr\u00e0 aiutare i genitori a far fronte alle prime spese e sar\u00e0 destinato ai nuclei familiari con un reddito Isee sotto i 40 mila euro. Ma anche un \u00abrafforzamento\u00bb del bonus destinato a supportare la frequenza dei bimbi agli asili nido, prevedendo l&#8217;esclusione delle somme relative all&#8217;assegno unico universale dal computo dell&#8217;Isee, mentre per il calcolo delle detrazioni si terr\u00e0 conto del numero dei familiari a carico, e cio\u00e8 pi\u00f9 sono numerosi i componenti della famiglia, maggiori sono gli spazi per le detrazioni fiscali. Inoltre sar\u00e0 introdotto il quoziente familiare e anche i congedi parentali saranno ampliati, dando cos\u00ec modo alle neo mamme la possibilit\u00e0 di assistere i figli nei primi anni di vita. La finanziaria prevedr\u00e0 anche altre misure che hanno l&#8217;obiettivo di invertire la rotta della denatalit\u00e0, anche se il fenomeno \u00e8 estremamente complesso. Ma voglio sottolineare che questo \u00e8 lo spazio della politica e questo governo \u00e8 l&#8217;unico che \u00e8 passato dalle parole ai fatti, senza fare slogan elettorali\u00bb.<\/p>\n\n\n\n<p>Cos\u00ec il senatore di Fratelli d&#8217;Italia Francesco Zaffini, Presidente commissione Sanit\u00e0, Lavoro e Affari Sociali di Palazzo Madama.<\/p>\n","protected":false},"excerpt":{"rendered":"<p>\u00abCon poco meno di 380 mila bambini venuti al mondo nel 2023, l&#8217;Istat oggi certifica un nuovo record negativo per la natalit\u00e0, che segna un ulteriore calo del 3,4% rispetto all&#8217;anno precedente. Anche questo \u00e8 un lascito dei precedenti governi che ci trasciniamo da anni, le cui cause sono molteplici e di difficile soluzione ma [&hellip;]<\/p>\n","protected":false},"author":1,"featured_media":1000009165,"comment_status":"closed","ping_status":"closed","sticky":false,"template":"","format":"standard","meta":{"content-type":"","_jetpack_memberships_contains_paid_content":false,"jnews-multi-image_gallery":[],"jnews_single_post":{"format":"standard"},"jnews_primary_category":[],"footnotes":"","jetpack_publicize_message":"","jetpack_publicize_feature_enabled":true,"jetpack_social_post_already_shared":true,"jetpack_social_options":{"image_generator_settings":{"template":"highway","default_image_id":0,"font":"","enabled":false},"version":2}},"categories":[32],"tags":[37],"class_list":{"0":"post-1000009164","1":"post","2":"type-post","3":"status-publish","4":"format-standard","5":"has-post-thumbnail","7":"category-politica","8":"tag-politica"},"jetpack_publicize_connections":[],"jetpack_featured_media_url":"https:\/\/i0.wp.com\/gazzettinoitalianopatagonico.com\/wp-content\/uploads\/2024\/10\/ipo.png?fit=1280%2C719&ssl=1","jetpack_likes_enabled":true,"jetpack_sharing_enabled":true,"_links":{"self":[{"href":"https:\/\/gazzettinoitalianopatagonico.com\/index.php?rest_route=\/wp\/v2\/posts\/1000009164","targetHints":{"allow":["GET"]}}],"collection":[{"href":"https:\/\/gazzettinoitalianopatagonico.com\/index.php?rest_route=\/wp\/v2\/posts"}],"about":[{"href":"https:\/\/gazzettinoitalianopatagonico.com\/index.php?rest_route=\/wp\/v2\/types\/post"}],"author":[{"embeddable":true,"href":"https:\/\/gazzettinoitalianopatagonico.com\/index.php?rest_route=\/wp\/v2\/users\/1"}],"replies":[{"embeddable":true,"href":"https:\/\/gazzettinoitalianopatagonico.com\/index.php?rest_route=%2Fwp%2Fv2%2Fcomments&post=1000009164"}],"version-history":[{"count":1,"href":"https:\/\/gazzettinoitalianopatagonico.com\/index.php?rest_route=\/wp\/v2\/posts\/1000009164\/revisions"}],"predecessor-version":[{"id":1000009166,"href":"https:\/\/gazzettinoitalianopatagonico.com\/index.php?rest_route=\/wp\/v2\/posts\/1000009164\/revisions\/1000009166"}],"wp:featuredmedia":[{"embeddable":true,"href":"https:\/\/gazzettinoitalianopatagonico.com\/index.php?rest_route=\/wp\/v2\/media\/1000009165"}],"wp:attachment":[{"href":"https:\/\/gazzettinoitalianopatagonico.com\/index.php?rest_route=%2Fwp%2Fv2%2Fmedia&parent=1000009164"}],"wp:term":[{"taxonomy":"category","embeddable":true,"href":"https:\/\/gazzettinoitalianopatagonico.com\/index.php?rest_route=%2Fwp%2Fv2%2Fcategories&post=1000009164"},{"taxonomy":"post_tag","embeddable":true,"href":"https:\/\/gazzettinoitalianopatagonico.com\/index.php?rest_route=%2Fwp%2Fv2%2Ftags&post=1000009164"}],"curies":[{"name":"wp","href":"https:\/\/api.w.org\/{rel}","templated":true}]}}