{"id":1000008927,"date":"2024-10-21T19:14:14","date_gmt":"2024-10-21T22:14:14","guid":{"rendered":"https:\/\/gazzettinoitalianopatagonico.com\/?p=1000008927"},"modified":"2024-10-21T19:14:17","modified_gmt":"2024-10-21T22:14:17","slug":"natalita-mancini-fdi-massimo-impegno-del-governo-nellinvertire-trend-negativo","status":"publish","type":"post","link":"https:\/\/gazzettinoitalianopatagonico.com\/?p=1000008927","title":{"rendered":"Natalit\u00e0, Mancini (FdI): massimo impegno del Governo nell&#8217;invertire trend negativo"},"content":{"rendered":"\n<p>\u00abIl calo delle nascite ed il progressivo invecchiamento della popolazione rappresentano uno dei nostri problemi pi\u00f9 rilevanti dei prossimi anni per le conseguenze che ne derivano a livello economico, pensionistico ed assistenziale. I dati puntualmente diffusi dall&#8217;Istat &#8211; nel 2023 solo 379.890 nascite, 13mila in meno rispetto al 2022 &#8211; risuonano come un insistente campanello d&#8217;allarme che avverte ormai da troppo tempo, cos\u00ec come occorreranno diversi anni per invertire definitivamente il trend negativo. Da un lato dobbiamo garantire livelli d&#8217;assistenza adeguati e personalizzati a chi entra nella terza e quarta et\u00e0; dall&#8217;altro sostenere le giovani coppie affinch\u00e9 il momento della genitorialit\u00e0 torni ad essere centrale nei loro progetti di vita futura. \u00c8 un tema economico, certamente, ma non solo. Occorre il sostegno fatto di servizi adeguati e moderni, ma \u00e8 altrettanto fondamentale che le donne-madri non vengano penalizzate sul fronte del lavoro, dove da sempre scontano svantaggi e discriminazioni pure da eliminare. Invertire questo trend \u00e8 veramente decisivo per l&#8217;Europa e soprattutto per la nostra nazione. L&#8217;attenzione e l&#8217;impegno del Governo Meloni \u00e8 quindi massimo, per provvedimenti concreti che consentano ai giovani di progettare il loro futuro con ottimismo.<\/p>\n\n\n\n<p>Lo dichiara la senatrice di Fratelli d&#8217;Italia Paola Mancini.<\/p>\n","protected":false},"excerpt":{"rendered":"<p>\u00abIl calo delle nascite ed il progressivo invecchiamento della popolazione rappresentano uno dei nostri problemi pi\u00f9 rilevanti dei prossimi anni per le conseguenze che ne derivano a livello economico, pensionistico ed assistenziale. I dati puntualmente diffusi dall&#8217;Istat &#8211; nel 2023 solo 379.890 nascite, 13mila in meno rispetto al 2022 &#8211; risuonano come un insistente campanello [&hellip;]<\/p>\n","protected":false},"author":1,"featured_media":1000008928,"comment_status":"closed","ping_status":"closed","sticky":false,"template":"","format":"standard","meta":{"content-type":"","_jetpack_memberships_contains_paid_content":false,"jnews-multi-image_gallery":[],"jnews_single_post":{"subtitle":"","format":"standard","video":"","gallery":"","source_name":"","source_url":"","via_name":"","via_url":"","override_template":"0","override":[{"template":"2","single_blog_custom":"","parallax":"1","fullscreen":"1","layout":"right-sidebar","sidebar":"default-sidebar","second_sidebar":"default-sidebar","sticky_sidebar":"1","share_position":"top","share_float_style":"share-monocrhome","show_share_counter":"1","show_view_counter":"1","show_featured":"1","show_post_meta":"1","show_post_author":"1","show_post_author_image":"0","show_post_date":"1","post_date_format":"default","post_date_format_custom":"Y\/m\/d","show_post_category":"1","show_post_reading_time":"0","post_reading_time_wpm":"300","show_zoom_button":"0","zoom_button_out_step":"2","zoom_button_in_step":"3","show_post_tag":"1","show_prev_next_post":"0","show_popup_post":"1","number_popup_post":"1","show_author_box":"1","show_post_related":"0","show_inline_post_related":"0"}],"override_image_size":"0","image_override":[{"single_post_thumbnail_size":"crop-500","single_post_gallery_size":"crop-500"}],"trending_post":"0","trending_post_position":"meta","trending_post_label":"Trending","sponsored_post":"0","sponsored_post_label":"Sponsored by","sponsored_post_name":"","sponsored_post_url":"","sponsored_post_logo_enable":"0","sponsored_post_logo":"","sponsored_post_desc":"","disable_ad":"0"},"jnews_primary_category":{"id":"","hide":""},"footnotes":"","jetpack_publicize_message":"","jetpack_publicize_feature_enabled":true,"jetpack_social_post_already_shared":true,"jetpack_social_options":{"image_generator_settings":{"template":"highway","default_image_id":0,"font":"","enabled":false},"version":2}},"categories":[46],"tags":[38],"class_list":{"0":"post-1000008927","1":"post","2":"type-post","3":"status-publish","4":"format-standard","5":"has-post-thumbnail","7":"category-italia","8":"tag-italia"},"jetpack_publicize_connections":[],"jetpack_featured_media_url":"https:\/\/i0.wp.com\/gazzettinoitalianopatagonico.com\/wp-content\/uploads\/2024\/10\/olp.png?fit=1068%2C732&ssl=1","jetpack_likes_enabled":true,"jetpack_sharing_enabled":true,"_links":{"self":[{"href":"https:\/\/gazzettinoitalianopatagonico.com\/index.php?rest_route=\/wp\/v2\/posts\/1000008927","targetHints":{"allow":["GET"]}}],"collection":[{"href":"https:\/\/gazzettinoitalianopatagonico.com\/index.php?rest_route=\/wp\/v2\/posts"}],"about":[{"href":"https:\/\/gazzettinoitalianopatagonico.com\/index.php?rest_route=\/wp\/v2\/types\/post"}],"author":[{"embeddable":true,"href":"https:\/\/gazzettinoitalianopatagonico.com\/index.php?rest_route=\/wp\/v2\/users\/1"}],"replies":[{"embeddable":true,"href":"https:\/\/gazzettinoitalianopatagonico.com\/index.php?rest_route=%2Fwp%2Fv2%2Fcomments&post=1000008927"}],"version-history":[{"count":1,"href":"https:\/\/gazzettinoitalianopatagonico.com\/index.php?rest_route=\/wp\/v2\/posts\/1000008927\/revisions"}],"predecessor-version":[{"id":1000008929,"href":"https:\/\/gazzettinoitalianopatagonico.com\/index.php?rest_route=\/wp\/v2\/posts\/1000008927\/revisions\/1000008929"}],"wp:featuredmedia":[{"embeddable":true,"href":"https:\/\/gazzettinoitalianopatagonico.com\/index.php?rest_route=\/wp\/v2\/media\/1000008928"}],"wp:attachment":[{"href":"https:\/\/gazzettinoitalianopatagonico.com\/index.php?rest_route=%2Fwp%2Fv2%2Fmedia&parent=1000008927"}],"wp:term":[{"taxonomy":"category","embeddable":true,"href":"https:\/\/gazzettinoitalianopatagonico.com\/index.php?rest_route=%2Fwp%2Fv2%2Fcategories&post=1000008927"},{"taxonomy":"post_tag","embeddable":true,"href":"https:\/\/gazzettinoitalianopatagonico.com\/index.php?rest_route=%2Fwp%2Fv2%2Ftags&post=1000008927"}],"curies":[{"name":"wp","href":"https:\/\/api.w.org\/{rel}","templated":true}]}}