{"id":1000008924,"date":"2024-10-21T19:11:35","date_gmt":"2024-10-21T22:11:35","guid":{"rendered":"https:\/\/gazzettinoitalianopatagonico.com\/?p=1000008924"},"modified":"2024-10-21T19:11:37","modified_gmt":"2024-10-21T22:11:37","slug":"migranti-oggi-e-il-giorno-del-decreto-intanto-la-russa-propone-una-riforma-della-costituzione-chiarire-meglio-poteri","status":"publish","type":"post","link":"https:\/\/gazzettinoitalianopatagonico.com\/?p=1000008924","title":{"rendered":"Migranti, oggi \u00e8 il giorno del decreto. Intanto La Russa propone una riforma della Costituzione: \u00abChiarire meglio poteri\u00bb"},"content":{"rendered":"\n<p>\u00c8 convocato per le 18 di oggi, 21 ottobre, il Consiglio dei ministri che dovrebbe lavorare a un decreto legge che trovi \u00abuna soluzione\u00bb \u2013 cos\u00ec ha detto Giorgia Meloni \u2013 al \u00abproblema\u00bb del corto circuito tra il nuovo sistema di rimpatri pensato dal governo con la creazione dei centri per migranti in Albania e la decisione del Tribunale di Roma, di venerd\u00ec pomeriggio, di annullare i primi rimpatri previsti giudicando i paesi di provenienza delle 12 persone in questione (Egitto e Bangladesh) \u00abnon sicuri\u00bb. Il decreto legge che il governo avrebbe in mente di licenziare vuole rendere norma primaria (e non pi\u00f9 secondaria come il decreto interministeriale) l&#8217;indicazione dei Paesi sicuri, quelli verso cui sono possibili i rimpatri. Quindi potrebbe forse contenere direttamente una lista dei paesi &#8216;sicuri&#8217; decisi dal governo. \u00abNon credo che sia una competenza della magistratura stabilire quali sono i Paesi sicuri e quali no. Questa \u00e8 una competenza del Governo\u00bb, ha detto venerd\u00ec Giorgia Meloni. C&#8217;\u00e8 poi l&#8217;altra questione dei ricorsi contro i dinieghi dei trattenimento nei cpr, che il governo vuole trovare il modo di velocizzare. A fronte di tribunali che non convalidano il trattenimento dei naufraghi, il governo vorrebbe allargare la possibilit\u00e0 di presentare ricorso anche in Corte d&#8217;appello e non pi\u00f9 soltanto in Cassazione come succede ora. Il tutto avviene in un clima politico tesissimo, tanto pi\u00f9 con le dichiarazioni di Giorgia Meloni di ieri. La premier, nella giornata di domenica, ha tornato a sostenere di avere \u00abi giudici contro\u00bb e ha pubblicato su tweet uno stralcio di una mail di un magistrato che scriveva: \u00abMeloni non ha inchieste giudiziarie a suo carico e quindi non si muove per interessi personali ma per visioni politiche e questo la rende molto pi\u00f9 forte, e anche molto pi\u00f9 pericolosa la sua azione la rilancia\u00bb. La mail \u00e8 stata pubblicata dal Tempo. Il ministro della Giustizia Carlo Nordio ha lanciato dure accuse contro la magistratura e l&#8217;opposizione ne ha chiesto le dimissioni. Intanto, il presidente della Repubblica Sergio Mattarella segue con attenzione l&#8217;evolversi della situazione, e gi\u00e0 ieri ha lanciato un appello al rispetto reciproco: \u00abLe istituzioni non si limitino ad una visione di parte\u00bb: se il decreto legge pensato dal governo dovesse avere profili incostituzionali, Mattarella potrebbe anche decidere di intervenire. Credete che un pezzo di magistratura voglia far cadere il governo? \u00abIo dico una cosa completamente diversa: la destra, che vuole governare, vorrebbe rispetto per le prerogative della politica. Ed \u00e8 per questo che dobbiamo chiarire questa zona grigia. Perch\u00e9 altrimenti non si capisce quale sia il confine tra le funzioni della giustizia e quelle della politica. Insieme, in modo concorde \u2013 maggioranza, opposizione, magistrati \u2013 dobbiamo perimetrare questi ambiti. La lite non funziona\u00bb. Lo dice il presidente del Senato Ignazio La Russa a &#8216;La Repubblica&#8217;. \u00abPenso che alcuni magistrati- aggiunge- vogliano affermare la propria visione della societ\u00e0 e della politica attraverso la giurisdizione. Leggo che Santalucia dice: la nostra \u00e8 una Costituzione progressista. In realt\u00e0 l&#8217;hanno scritta cattolici, liberali, comunisti, conservatori. Capisco che possa affermare che \u00e8 permeata da spirito antifascista, ma non \u00e8 progressista\u00bb. \u00abLe chiedo: a chi spetta definire esattamente i ruoli della politica e della giustizia? Alla Carta costituzionale. In passato tutto sembrava funzionare. Dopo Tangentopoli non \u00e8 pi\u00f9 stato cos\u00ec. Ci sono magistrati che vanno oltre, dando la sensazione di agire con motivazioni politiche. E ci sono d&#8217;altro canto politici che hanno il dente avvelenato con i giudici. Se la Costituzione non appare sufficientemente chiara, si pu\u00f2 chiarire meglio\u00bb. Propone una riforma complessiva del Titolo IV? \u00abPerch\u00e9 no? Potrebbe essere utile una riforma che faccia maggiore chiarezza nel rapporto tra politica e magistratura. Cos\u00ec non funziona\u00bb.<\/p>\n\n\n\n<p>Marcella Piretti<\/p>\n","protected":false},"excerpt":{"rendered":"<p>\u00c8 convocato per le 18 di oggi, 21 ottobre, il Consiglio dei ministri che dovrebbe lavorare a un decreto legge che trovi \u00abuna soluzione\u00bb \u2013 cos\u00ec ha detto Giorgia Meloni \u2013 al \u00abproblema\u00bb del corto circuito tra il nuovo sistema di rimpatri pensato dal governo con la creazione dei centri per migranti in Albania e [&hellip;]<\/p>\n","protected":false},"author":1,"featured_media":1000008925,"comment_status":"closed","ping_status":"closed","sticky":false,"template":"","format":"standard","meta":{"content-type":"","_jetpack_memberships_contains_paid_content":false,"jnews-multi-image_gallery":[],"jnews_single_post":{"subtitle":"","format":"standard","video":"","gallery":"","source_name":"","source_url":"","via_name":"","via_url":"","override_template":"0","override":[{"template":"2","single_blog_custom":"","parallax":"1","fullscreen":"1","layout":"right-sidebar","sidebar":"default-sidebar","second_sidebar":"default-sidebar","sticky_sidebar":"1","share_position":"top","share_float_style":"share-monocrhome","show_share_counter":"1","show_view_counter":"1","show_featured":"1","show_post_meta":"1","show_post_author":"1","show_post_author_image":"0","show_post_date":"1","post_date_format":"default","post_date_format_custom":"Y\/m\/d","show_post_category":"1","show_post_reading_time":"0","post_reading_time_wpm":"300","show_zoom_button":"0","zoom_button_out_step":"2","zoom_button_in_step":"3","show_post_tag":"1","show_prev_next_post":"0","show_popup_post":"1","number_popup_post":"1","show_author_box":"1","show_post_related":"0","show_inline_post_related":"0"}],"override_image_size":"0","image_override":[{"single_post_thumbnail_size":"crop-500","single_post_gallery_size":"crop-500"}],"trending_post":"0","trending_post_position":"meta","trending_post_label":"Trending","sponsored_post":"0","sponsored_post_label":"Sponsored by","sponsored_post_name":"","sponsored_post_url":"","sponsored_post_logo_enable":"0","sponsored_post_logo":"","sponsored_post_desc":"","disable_ad":"0"},"jnews_primary_category":{"id":"","hide":""},"footnotes":"","jetpack_publicize_message":"","jetpack_publicize_feature_enabled":true,"jetpack_social_post_already_shared":true,"jetpack_social_options":{"image_generator_settings":{"template":"highway","default_image_id":0,"font":"","enabled":false},"version":2}},"categories":[46,32],"tags":[275,38,37],"class_list":{"0":"post-1000008924","1":"post","2":"type-post","3":"status-publish","4":"format-standard","5":"has-post-thumbnail","7":"category-italia","8":"category-politica","9":"tag-inmigracion","10":"tag-italia","11":"tag-politica"},"jetpack_publicize_connections":[],"jetpack_featured_media_url":"https:\/\/i0.wp.com\/gazzettinoitalianopatagonico.com\/wp-content\/uploads\/2024\/10\/Imagoeconomica_2241450-1024x731-1.jpg?fit=1024%2C731&ssl=1","jetpack_likes_enabled":true,"jetpack_sharing_enabled":true,"_links":{"self":[{"href":"https:\/\/gazzettinoitalianopatagonico.com\/index.php?rest_route=\/wp\/v2\/posts\/1000008924","targetHints":{"allow":["GET"]}}],"collection":[{"href":"https:\/\/gazzettinoitalianopatagonico.com\/index.php?rest_route=\/wp\/v2\/posts"}],"about":[{"href":"https:\/\/gazzettinoitalianopatagonico.com\/index.php?rest_route=\/wp\/v2\/types\/post"}],"author":[{"embeddable":true,"href":"https:\/\/gazzettinoitalianopatagonico.com\/index.php?rest_route=\/wp\/v2\/users\/1"}],"replies":[{"embeddable":true,"href":"https:\/\/gazzettinoitalianopatagonico.com\/index.php?rest_route=%2Fwp%2Fv2%2Fcomments&post=1000008924"}],"version-history":[{"count":1,"href":"https:\/\/gazzettinoitalianopatagonico.com\/index.php?rest_route=\/wp\/v2\/posts\/1000008924\/revisions"}],"predecessor-version":[{"id":1000008926,"href":"https:\/\/gazzettinoitalianopatagonico.com\/index.php?rest_route=\/wp\/v2\/posts\/1000008924\/revisions\/1000008926"}],"wp:featuredmedia":[{"embeddable":true,"href":"https:\/\/gazzettinoitalianopatagonico.com\/index.php?rest_route=\/wp\/v2\/media\/1000008925"}],"wp:attachment":[{"href":"https:\/\/gazzettinoitalianopatagonico.com\/index.php?rest_route=%2Fwp%2Fv2%2Fmedia&parent=1000008924"}],"wp:term":[{"taxonomy":"category","embeddable":true,"href":"https:\/\/gazzettinoitalianopatagonico.com\/index.php?rest_route=%2Fwp%2Fv2%2Fcategories&post=1000008924"},{"taxonomy":"post_tag","embeddable":true,"href":"https:\/\/gazzettinoitalianopatagonico.com\/index.php?rest_route=%2Fwp%2Fv2%2Ftags&post=1000008924"}],"curies":[{"name":"wp","href":"https:\/\/api.w.org\/{rel}","templated":true}]}}