{"id":1000006906,"date":"2024-07-24T11:04:23","date_gmt":"2024-07-24T14:04:23","guid":{"rendered":"https:\/\/gazzettinoitalianopatagonico.com\/?p=1000006906"},"modified":"2024-07-24T11:04:25","modified_gmt":"2024-07-24T14:04:25","slug":"europarlamento-allitalia-solo-una-presidenza-di-commissione","status":"publish","type":"post","link":"https:\/\/gazzettinoitalianopatagonico.com\/?p=1000006906","title":{"rendered":"Europarlamento, all&#8217;Italia solo una presidenza di Commissione"},"content":{"rendered":"\n<p>Sono state definite le presidenze e vicepresidenze delle 24 commissioni parlamentari e ne risulta che l&#8217;Italia abbia perso una commissione.<\/p>\n\n\n\n<p>Salvatore De Meo, che era destinato alla guida della commissione Affari costituzionali, non \u00e8 stato eletto come era previsto, ma \u00e8 stato sostituito dal tedesco Sven Simon, sempre dei popolari. Ad aggiudicarsi invece una commissione \u00e8 l&#8217;eurodeputato del Partito Democratico ed ex sindaco di Bari Antonio Decaro, che sar\u00e0 il presidente della commissione Ambiente; mentre sar\u00e0 presidente della sottocommissione agli Affari fiscali il capo delegazione del Movimento 5 Stelle Pasquale Tridico. Si tratta della prima presidenza in assoluto per il Movimento 5 Stelle all&#8217;interno dell&#8217;Eurocamera. Ad ottenere il maggior numero di presidenze \u00e8 la Germania, che se ne accaparra sei.<\/p>\n\n\n\n<p>Per quanto riguarda le vicepresidenze, l&#8217;Italia ottiene 12 sedie tra commissioni e sottocommissioni. Tra questi abbiamo sei sedie per Fratelli d&#8217;Italia, quattro al Partito Democratico, e una rispettivamente a Forza Italia e ai Verdi. Nello specifico, l&#8217;eurodeputato di Fratelli d&#8217;Italia Alberico Gambino ha ricevuto due vicepresidenze, quella della commissione Affari esteri e della sottocommissione Difesa, mentre Giuseppe Lupo del Partito Democratico \u00e8 stato nominato vicepresidente della commissione Bilancio.<\/p>\n\n\n\n<p>L&#8217;eurodeputato del Partito Democratico Alessandro Zan ha ottenuto la vicepresidenza della commissione Libert\u00e0 civili e Pietro Fiocchi di Fratelli d&#8217;Italia quella della commissione Ambiente.<\/p>\n\n\n\n<p>L&#8217;europarlamentare Matteo Ricci del Partito Democratico \u00e8 stato nominato vicepresidente della commissione Trasporti, mentre Francesco Ventola di Fratelli d&#8217;Italia \u00e8 diventato vicepresidente della commissione Regioni. Mario Mantovani di Fratelli d&#8217;Italia ha ottenuto la vicepresidenza della commissione Giuridica.<\/p>\n\n\n\n<p>Alla commissione Industria, l&#8217;Italia ha ottenuto due vicepresidenze con Elena Donazzan di Fratelli d&#8217;Italia e Giorgio Gori del Partito Democratico, mentre Caterina Chinnici di Forza Italia \u00e8 stata nominata vicepresidente della commissione Contabilit\u00e0. Giuseppe Milazzo di Fratelli d&#8217;Italia ha ottenuto la vicepresidenza della commissione Pesca e l&#8217;eurodeputata dei Verdi Cristina Guarda \u00e8 stata nominata vicepresidente della commissione Petizioni.<\/p>\n\n\n\n<p>Nessuna presidenza e vicepresidenza \u00e8 stata assegnata, invece, ai Patrioti per l&#8217;Europa, gruppo che comprende la Lega. L&#8217;eurodeputato della Lega Paolo Borchia dichiara in merito che \u00ab\u00e8 un affronto alla democrazia e verso gli elettori. Per quanto mi riguarda, loro si possono tenere qualche presidenza rubata, noi ci teniamo la nostra dignit\u00e0\u00bb.<\/p>\n\n\n\n<p>Alessio Pisan\u00f2<\/p>\n","protected":false},"excerpt":{"rendered":"<p>Sono state definite le presidenze e vicepresidenze delle 24 commissioni parlamentari e ne risulta che l&#8217;Italia abbia perso una commissione. Salvatore De Meo, che era destinato alla guida della commissione Affari costituzionali, non \u00e8 stato eletto come era previsto, ma \u00e8 stato sostituito dal tedesco Sven Simon, sempre dei popolari. Ad aggiudicarsi invece una commissione [&hellip;]<\/p>\n","protected":false},"author":1,"featured_media":1000006907,"comment_status":"open","ping_status":"open","sticky":false,"template":"","format":"standard","meta":{"content-type":"","_jetpack_memberships_contains_paid_content":false,"jnews-multi-image_gallery":[],"jnews_single_post":[],"jnews_primary_category":[],"footnotes":"","jetpack_publicize_message":"","jetpack_publicize_feature_enabled":true,"jetpack_social_post_already_shared":true,"jetpack_social_options":{"image_generator_settings":{"template":"highway","default_image_id":0,"font":"","enabled":false},"version":2}},"categories":[46],"tags":[383,38],"class_list":{"0":"post-1000006906","1":"post","2":"type-post","3":"status-publish","4":"format-standard","5":"has-post-thumbnail","7":"category-italia","8":"tag-europarlamento","9":"tag-italia"},"jetpack_publicize_connections":[],"jetpack_featured_media_url":"https:\/\/i0.wp.com\/gazzettinoitalianopatagonico.com\/wp-content\/uploads\/2024\/07\/europarlamento-1024x683-1.jpg?fit=1024%2C683&ssl=1","jetpack_likes_enabled":true,"jetpack_sharing_enabled":true,"_links":{"self":[{"href":"https:\/\/gazzettinoitalianopatagonico.com\/index.php?rest_route=\/wp\/v2\/posts\/1000006906","targetHints":{"allow":["GET"]}}],"collection":[{"href":"https:\/\/gazzettinoitalianopatagonico.com\/index.php?rest_route=\/wp\/v2\/posts"}],"about":[{"href":"https:\/\/gazzettinoitalianopatagonico.com\/index.php?rest_route=\/wp\/v2\/types\/post"}],"author":[{"embeddable":true,"href":"https:\/\/gazzettinoitalianopatagonico.com\/index.php?rest_route=\/wp\/v2\/users\/1"}],"replies":[{"embeddable":true,"href":"https:\/\/gazzettinoitalianopatagonico.com\/index.php?rest_route=%2Fwp%2Fv2%2Fcomments&post=1000006906"}],"version-history":[{"count":1,"href":"https:\/\/gazzettinoitalianopatagonico.com\/index.php?rest_route=\/wp\/v2\/posts\/1000006906\/revisions"}],"predecessor-version":[{"id":1000006908,"href":"https:\/\/gazzettinoitalianopatagonico.com\/index.php?rest_route=\/wp\/v2\/posts\/1000006906\/revisions\/1000006908"}],"wp:featuredmedia":[{"embeddable":true,"href":"https:\/\/gazzettinoitalianopatagonico.com\/index.php?rest_route=\/wp\/v2\/media\/1000006907"}],"wp:attachment":[{"href":"https:\/\/gazzettinoitalianopatagonico.com\/index.php?rest_route=%2Fwp%2Fv2%2Fmedia&parent=1000006906"}],"wp:term":[{"taxonomy":"category","embeddable":true,"href":"https:\/\/gazzettinoitalianopatagonico.com\/index.php?rest_route=%2Fwp%2Fv2%2Fcategories&post=1000006906"},{"taxonomy":"post_tag","embeddable":true,"href":"https:\/\/gazzettinoitalianopatagonico.com\/index.php?rest_route=%2Fwp%2Fv2%2Ftags&post=1000006906"}],"curies":[{"name":"wp","href":"https:\/\/api.w.org\/{rel}","templated":true}]}}