{"id":1000006786,"date":"2024-07-20T11:05:24","date_gmt":"2024-07-20T14:05:24","guid":{"rendered":"https:\/\/gazzettinoitalianopatagonico.com\/?p=1000006786"},"modified":"2024-07-20T11:05:25","modified_gmt":"2024-07-20T14:05:25","slug":"ricchiuti-fdi-su-riforma-fiscale-da-pd-polemiche-pretestuose-il-governo-e-dalla-parte-di-chi-produce","status":"publish","type":"post","link":"https:\/\/gazzettinoitalianopatagonico.com\/?p=1000006786","title":{"rendered":"Ricchiuti (FdI): su riforma fiscale da Pd polemiche pretestuose. Il Governo \u00e8 dalla parte di chi produce"},"content":{"rendered":"\n<p>\u00abI sindacati e la sinistra sono contrari alla riforma fiscale, vuol dire che siamo nella giusta direzione. \u00c8 sufficiente osservare la coerenza del maggiore partito di opposizione per capire che le loro sono solo rivendicazioni pretestuose. Prima si sono rivoltati contro la rottamazione, poi invece ne hanno usufruito perch\u00e9 avevano debiti contributivi verso i loro dipendenti. Se anche per loro fosse valso il DURC (Documento Unico di Regolarit\u00e0 Contributiva) non avrebbero potuto pi\u00f9 lavorare\u00bb. Cos\u00ec in una nota Lino Ricchiuti, vice responsabile nazionale del Dipartimento imprese e mondi produttivi di Fratelli d&#8217;Italia.<\/p>\n\n\n\n<p>\u00abLa riforma fiscale del governo Meloni \u00e8 la pi\u00f9 grande dall&#8217;epoca di quella Visentini, un cambio totale di paradigma dove il contribuente non sar\u00e0 colpevole di dolo fine a prova contraria\u00bb, spiega Ricchiuti.<\/p>\n\n\n\n<p>\u00abOggi l&#8217;Agenzia delle Entrate in caso di incongruenza parte gi\u00e0 con una contestazione che d\u00e0 vita ad un atto fiscale : con la riforma l&#8217;ente dovr\u00e0 solo informare il contribuente di alcune discrepanze prima di procedere e avr\u00e0 60 giorni di tempo per rispondere con le proprie osservazioni.&nbsp; L&#8217;agenzia, da parte sua, sar\u00e0 obbligata a rispondere a tali osservazioni prima di inviare se ritiene valide le sue ragioni l&#8217;atto di accertamento vero e proprio.&nbsp; Tutto il regime sanzionatorio sar\u00e0 notevolmente rivisto in ribasso e non con i tassi &#8216;usurai&#8217; attuali. Questa modalit\u00e0 cammina di pari passo con il concordato biennale, una sorta di dichiarazione precompilata biennale per le piccole imprese\u00bb. E prosegue: \u00bb Se gli imprenditori aderiranno alla proposta del fisco, per due anni non risponderanno ad alcun accertamento fiscale e se guadagneranno di pi\u00f9 l\u00ec terranno in sacca. Oggi se sei bravo e guadagni di pi\u00f9 vieni massacrato. Questo preclude ogni stimolo a migliorarsi e se a un imprenditore togli la voglia di vedere la propria attivit\u00e0 espandersi gli hai tolto il carburante che motiva un autonomo. Per lo Statuto dei diritti del Contribuente che oggi rappresenta solo un codice di buone intenzioni, c&#8217;\u00e8 l&#8217;obiettivo di renderlo una legge generale tributaria. Questo governo passa dalle parole ai fatti: lasciare in pace chi vuole intraprendere una attivit\u00e0. Tenendo a mente quello che insegnava Einaudi: \u00abMigliaia, milioni di individui lavorano, producono e risparmiano nonostante tutto quello che noi possiamo inventare per molestarli, incepparli, scoraggiarli. \u00c8 la vocazione naturale che li spinge; non soltanto la sete di guadagno\u00bb, conclude.<\/p>\n","protected":false},"excerpt":{"rendered":"<p>\u00abI sindacati e la sinistra sono contrari alla riforma fiscale, vuol dire che siamo nella giusta direzione. \u00c8 sufficiente osservare la coerenza del maggiore partito di opposizione per capire che le loro sono solo rivendicazioni pretestuose. Prima si sono rivoltati contro la rottamazione, poi invece ne hanno usufruito perch\u00e9 avevano debiti contributivi verso i loro [&hellip;]<\/p>\n","protected":false},"author":1,"featured_media":4212,"comment_status":"closed","ping_status":"open","sticky":false,"template":"","format":"standard","meta":{"content-type":"","_jetpack_memberships_contains_paid_content":false,"jnews-multi-image_gallery":[],"jnews_single_post":[],"jnews_primary_category":[],"footnotes":"","jetpack_publicize_message":"","jetpack_publicize_feature_enabled":true,"jetpack_social_post_already_shared":false,"jetpack_social_options":{"image_generator_settings":{"template":"highway","default_image_id":0,"font":"","enabled":false},"version":2}},"categories":[46],"tags":[364,38],"class_list":{"0":"post-1000006786","1":"post","2":"type-post","3":"status-publish","4":"format-standard","5":"has-post-thumbnail","7":"category-italia","8":"tag-governo","9":"tag-italia"},"jetpack_publicize_connections":[],"jetpack_featured_media_url":"https:\/\/i0.wp.com\/gazzettinoitalianopatagonico.com\/wp-content\/uploads\/2024\/05\/lino-ricchiuti-LVdP.webp?fit=750%2C512&ssl=1","jetpack_likes_enabled":true,"jetpack_sharing_enabled":true,"_links":{"self":[{"href":"https:\/\/gazzettinoitalianopatagonico.com\/index.php?rest_route=\/wp\/v2\/posts\/1000006786","targetHints":{"allow":["GET"]}}],"collection":[{"href":"https:\/\/gazzettinoitalianopatagonico.com\/index.php?rest_route=\/wp\/v2\/posts"}],"about":[{"href":"https:\/\/gazzettinoitalianopatagonico.com\/index.php?rest_route=\/wp\/v2\/types\/post"}],"author":[{"embeddable":true,"href":"https:\/\/gazzettinoitalianopatagonico.com\/index.php?rest_route=\/wp\/v2\/users\/1"}],"replies":[{"embeddable":true,"href":"https:\/\/gazzettinoitalianopatagonico.com\/index.php?rest_route=%2Fwp%2Fv2%2Fcomments&post=1000006786"}],"version-history":[{"count":1,"href":"https:\/\/gazzettinoitalianopatagonico.com\/index.php?rest_route=\/wp\/v2\/posts\/1000006786\/revisions"}],"predecessor-version":[{"id":1000006787,"href":"https:\/\/gazzettinoitalianopatagonico.com\/index.php?rest_route=\/wp\/v2\/posts\/1000006786\/revisions\/1000006787"}],"wp:featuredmedia":[{"embeddable":true,"href":"https:\/\/gazzettinoitalianopatagonico.com\/index.php?rest_route=\/wp\/v2\/media\/4212"}],"wp:attachment":[{"href":"https:\/\/gazzettinoitalianopatagonico.com\/index.php?rest_route=%2Fwp%2Fv2%2Fmedia&parent=1000006786"}],"wp:term":[{"taxonomy":"category","embeddable":true,"href":"https:\/\/gazzettinoitalianopatagonico.com\/index.php?rest_route=%2Fwp%2Fv2%2Fcategories&post=1000006786"},{"taxonomy":"post_tag","embeddable":true,"href":"https:\/\/gazzettinoitalianopatagonico.com\/index.php?rest_route=%2Fwp%2Fv2%2Ftags&post=1000006786"}],"curies":[{"name":"wp","href":"https:\/\/api.w.org\/{rel}","templated":true}]}}